{"id":208,"date":"2025-11-30T18:42:42","date_gmt":"2025-11-30T17:42:42","guid":{"rendered":"https:\/\/testbike.brocld.fr\/?p=208"},"modified":"2025-11-30T18:42:44","modified_gmt":"2025-11-30T17:42:44","slug":"2025-05-09-gravelman-beaujolais-500-route-9-mai-2025","status":"publish","type":"post","link":"https:\/\/bikexplore.brocld.fr\/?p=208","title":{"rendered":"2025-05-09 Gravelman Beaujolais 500 route 9 Mai 2025"},"content":{"rendered":"\n<p>Nous sommes inscrits avec Nicolas et Ludo \u00e0 la RAF1000 qui partira le 16 Juin de Clermont-Ferrand en direction de Mandelieu avec 18.000m de d\u00e9nivel\u00e9 positif au programme. Nicolas n&rsquo;ayant pas eu l&rsquo;occasion de faire d&rsquo;ultras en 2024, je lui conseille le Gravelman 500 route Beaujolais comme pr\u00e9paration. Ce parcours annonce en effet plus de 8500m de d\u00e9nivel\u00e9, on est donc sur des chiffres du m\u00eame ordre que la RAF en terme de ratio D+\/km.\u00a0<\/p>\n\n\n\n<p>Nicolas suit mon conseil et s&rsquo;inscrit dans la foul\u00e9e , je d\u00e9cide d&rsquo;en faire de m\u00eame , cela me fera deux 500 km route de pr\u00e9paration avec le Maroc, ce qui me semble une bonne approche. Ludo est malheureusement pour nous, mais heureusement pour lui, en vacances \ud83d\ude00 . Mais Eric decide de s&rsquo;inscrire aussi, chic on sera trois ! Et m\u00eame quatre, puisque Benjamin pr\u00e9voit aussi de venir mais pour faire le 60 km avec &#8230; son petit-fils en remorque , une premi\u00e8re !<\/p>\n\n\n\n<p>Comme toujours, les \u00e9changes sont nombreux en phase de pr\u00e9paration, c&rsquo;est une phase tr\u00e8s agr\u00e9able des \u00e9preuves ultra o\u00f9 on essaie de penser \u00e0 tout. Ne riez pas et Eric pourra en t\u00e9moigner, en ultra chaque petit d\u00e9tail compte et l&rsquo;exp\u00e9rience joue beaucoup pour ne pas avoir \u00e0 g\u00e9rer de gal\u00e8res durant l&rsquo;\u00e9preuve. Ce type de parcours est tellement exigeant qu&rsquo;il est pr\u00e9f\u00e9rable de pouvoir concentrer son \u00e9nergie sur le fait d&rsquo;avancer sans devoir g\u00e9rer d&rsquo;autres sujets en parall\u00e8le.&nbsp;<\/p>\n\n\n\n<p>Je reconduis la configuration du Gravelman Maroc avec notamment la sacoche fullframe RestRap \u00e9quip\u00e9e d&rsquo;un sac \u00e0 eau Apidura de 3l dont je trouve l&rsquo;utilisation ultra pratique. Et la contenance me permet de varier le remplissage en fonction des conditions : 1l \u00e0 1,5l de jour, mais 2l la nuit o\u00f9 les points d&rsquo;eau sont plus dur \u00e0 trouver. J&rsquo;avais mis 3l au Maroc , mais la nuit durait 14h contre 8h seulement ici en Mai.&nbsp;<\/p>\n\n\n\n<p>Je commence \u00e0 bien connaitre les Gravelman, Steven et toute sa sympathique \u00e9quipe. Toujours un plaisir un plaisir de retrouver cette grande famille dans une ambiance chaleureuse.&nbsp;<\/p>\n\n\n\n<p>J&rsquo;ai r\u00e9serv\u00e9 un g\u00eete avec 3 chambres . Eric et Nicolas partent de Lyon pendant que je descend de Paris et nous nous retrouvons tous sur place le jeudi \u00e0 17h30 pour r\u00e9cup\u00e9rer les balises GPS et le check des v\u00e9los.&nbsp;<\/p>\n\n\n\n<p>La surprise du jour , c&rsquo;est qu&rsquo;en arrivant au g\u00eete , la boite \u00e0 clefs est bloqu\u00e9e pas moyen de l&rsquo;ouvrir malgr\u00e9 10 essais avec le propri\u00e9taire au t\u00e9l\u00e9phone. Heureusement, il nous envoie les secours qui arrivent en moins de 5 minutes pour nous donner une clef. Ouf !&nbsp;<\/p>\n\n\n\n<p>Nicolas nous a concoct\u00e9 un delicieux gratin de p\u00e2tes. On remonte les v\u00e9los , quelques petits checks bien utiles puisque je d\u00e9couvre avec horreur que ma fid\u00e8le Klamp EXR1100 ne s&rsquo;allume plus. J&rsquo;avais d\u00e9j\u00e0 eu le souci la veille mais cela avait fini par marcher. Cette fois rien \u00e0 faire. Je me rabats sur ma lampe de secours, mais la Klamp me manquera . Heureusement, Klamp me repondra d\u00e8s le dimanche (!) , que la r\u00e9paration est 100% prise en charge, ce sera donc ok pour la RAF.&nbsp;<\/p>\n\n\n\n<p>Lever \u00e0 4h30 pour le petit dej, on quitte le g\u00eete, range les affaires dans les voitures et nous filons au d\u00e9part situ\u00e9 \u00e0 1k au camping de Charlieu ( 42 ) .&nbsp;<\/p>\n\n\n\n<p>Caf\u00e9 d&rsquo;accueil , briefing de Steven et c&rsquo;est parti ! Toujours un peu de confusion au d\u00e9part puisqu&rsquo;il y a 4 parcours qui partent en m\u00eame temps ( 500 route et gravel. 350 route et gravel ) . Nicolas est \u00e0 cot\u00e9 de moi , Eric juste derri\u00e8re mais ensuite , nous ne le voyons plus. On le cherche sans trop comprendre ce qui se passe. Comme nous roulons dans un petit groupe qui file bon train mais \u00e0 un rythme raisonnable , je me dis qu&rsquo;il va forc\u00e9ment nous rattraper facilement.&nbsp;<\/p>\n\n\n\n<figure class=\"wp-block-image\"><a href=\"https:\/\/blogger.googleusercontent.com\/img\/a\/AVvXsEgMbttq25IodNah6L2IhtSxw-MKKohkyoGRuLF3vBvEcW5kJXKPO9eDDYVrrllPZRflXH52f50QY7ktJkeFKGp3xu6i3cITBwRsg8--rRJxd-uROW-KZGJK0jZUsdV1m3VHOO1E0MRqFfWz7aSZ-_R-yKDThZr9LrdSDXZrmj8bfXCiHQGWUSGlMZWaxPsk\"><img decoding=\"async\" src=\"https:\/\/blogger.googleusercontent.com\/img\/a\/AVvXsEgMbttq25IodNah6L2IhtSxw-MKKohkyoGRuLF3vBvEcW5kJXKPO9eDDYVrrllPZRflXH52f50QY7ktJkeFKGp3xu6i3cITBwRsg8--rRJxd-uROW-KZGJK0jZUsdV1m3VHOO1E0MRqFfWz7aSZ-_R-yKDThZr9LrdSDXZrmj8bfXCiHQGWUSGlMZWaxPsk=s16000\" alt=\"\"\/><\/a><\/figure>\n\n\n\n<p>Nous sommes une petite dizaine, \u00e7a roule un peu au dessus du rythme de r\u00e9f\u00e9rence que j&rsquo;ai pr\u00e9vu mais \u00e7a reste tr\u00e8s raisonnable, pas un souci si on roule quelques heures \u00e0 ce tempo qui permet de bien avancer.&nbsp;<\/p>\n\n\n\n<figure class=\"wp-block-image\"><a href=\"https:\/\/blogger.googleusercontent.com\/img\/a\/AVvXsEi3e-kM8g1fU1eqBrmZbnldl4I9mztN7nmA98duqYP3F7vr9LZt-nTH3hBMibrrcSkJruuzbJHd8smMhqnX9qIUx4Nk1sb3C-VxSt4Mxuw75c82mLpz9tPWNjMT1oxikeQCFqDkpYMsaHrFfSjIfgaU7oYOF869cr4hFqHYw_CeruGXjNewUfnSaLI3iwt1\"><img decoding=\"async\" src=\"https:\/\/blogger.googleusercontent.com\/img\/a\/AVvXsEi3e-kM8g1fU1eqBrmZbnldl4I9mztN7nmA98duqYP3F7vr9LZt-nTH3hBMibrrcSkJruuzbJHd8smMhqnX9qIUx4Nk1sb3C-VxSt4Mxuw75c82mLpz9tPWNjMT1oxikeQCFqDkpYMsaHrFfSjIfgaU7oYOF869cr4hFqHYw_CeruGXjNewUfnSaLI3iwt1=w640-h360\" alt=\"\"\/><\/a><\/figure>\n\n\n\n<p>Comme souvent t\u00f4t le matin, je ne me sens pas dans la forme du si\u00e8cle mais cela ne m&rsquo;inqui\u00e8te pas , je sais que cela va aller de mieux en mieux au fur et \u00e0 mesure que le soleil et la chaleur vont booster mon m\u00e9tabolisme.&nbsp;<\/p>\n\n\n\n<figure class=\"wp-block-image\"><a href=\"https:\/\/blogger.googleusercontent.com\/img\/a\/AVvXsEidAJ-Abvns3ruUHPi9T4TKXrG0uWentK4AxG91ryCmWpSCsxy92vIl27lNUFegrp4nzvsI-YvBJe8eH1dhgSKiuNvNOc_z0_oVAPO_OnQ1ReN2NUMEQHKfPMZLN48NKKVRAhLDhVamimh51cr9Fj82tf_tkfE6mRj5RN-YDFCK1GQFoSulVBfFOR6PAHI9\"><img decoding=\"async\" src=\"https:\/\/blogger.googleusercontent.com\/img\/a\/AVvXsEidAJ-Abvns3ruUHPi9T4TKXrG0uWentK4AxG91ryCmWpSCsxy92vIl27lNUFegrp4nzvsI-YvBJe8eH1dhgSKiuNvNOc_z0_oVAPO_OnQ1ReN2NUMEQHKfPMZLN48NKKVRAhLDhVamimh51cr9Fj82tf_tkfE6mRj5RN-YDFCK1GQFoSulVBfFOR6PAHI9=w640-h360\" alt=\"\"\/><\/a><\/figure>\n\n\n\n<p>Si le rythme est tranquille sur le plat , l&rsquo;homme de t\u00eate qui roule sur son v\u00e9lotaf \u00e9quip\u00e9 d&rsquo;un porte bagage appuie nettement plus fort d\u00e8s que \u00e7a grimpe. L\u00e0 encore, \u00e7a reste dans des zones qui ne demandent pas de forcer outre mesure mais mon GPS affiche 220W , loin des 160-180 qui sont mon objectif en mont\u00e9e pour arriver au bout des 8800 D+. Quand \u00e7a pousse trop fort, je l\u00e8ve le pied car ensuite, on le rattrape facilement sur le plat avec nos prolongateurs qui nous donnent un avantage a\u00e9rodynamique.<\/p>\n\n\n\n<p>Premi\u00e8re grosse mont\u00e9e avec le col de la Croix du Sud.&nbsp;<\/p>\n\n\n\n<figure class=\"wp-block-image\"><a href=\"https:\/\/blogger.googleusercontent.com\/img\/a\/AVvXsEguFxYmbxaM5heZuAUoxQLdDQPqEvluurF7bCLMsUlswAxyr6iD55sCjxt_ACrWzTh5Qs4CcsmRoo8zbhT-jffrwWc-wD4k00cHDCkKN01ANQACg6V4GsNI_3Ls0TgCA0JKlh8pn_gIyV49HFQI5jRwPltEEbOqWUkztes0BVjN6SgcA7F4fdI-hRMoMvMY\"><img decoding=\"async\" src=\"https:\/\/blogger.googleusercontent.com\/img\/a\/AVvXsEguFxYmbxaM5heZuAUoxQLdDQPqEvluurF7bCLMsUlswAxyr6iD55sCjxt_ACrWzTh5Qs4CcsmRoo8zbhT-jffrwWc-wD4k00cHDCkKN01ANQACg6V4GsNI_3Ls0TgCA0JKlh8pn_gIyV49HFQI5jRwPltEEbOqWUkztes0BVjN6SgcA7F4fdI-hRMoMvMY=w640-h360\" alt=\"\"\/><\/a><\/figure>\n\n\n\n<p>Pour ceux qui ne connaissent pas le Beaujolais, cat\u00e9gorie dont je fais partie, les bosses sont \u00e9tonnament longues . Souvent entre 6 et 12 km et avec des pentes jusqu&rsquo;\u00e0 15%. Je ne pensais pas que les cols \u00e9taient aussi nombreux et longs dans ce coin !&nbsp; La cassette de 36 \u00e0 l&rsquo;arri\u00e8re trouve toute son utilit\u00e9. J&rsquo;ai un peu mal au ventre \u00e0 partir de 10h et \u00e7a va s&rsquo;aggraver. Quand on aborde la plus longue mont\u00e9e de l&rsquo;\u00e9preuve pour atteindre la Loge des Gardes \u00e0 plus de 1000m , je ne me sens pas bien du tout. Naus\u00e9es, fort mal de ventre, jambes douloureuses. Aie, aie aie , il y a un truc du petit dej pourtant classique qui ne passe pas. Je suis forc\u00e9 de faire deux pauses techniques urgentes et je rejoint le sommet tout blanc en ayant perdu Nicolas au passage. Je commence \u00e0 m&rsquo;inqui\u00e9ter pour la suite.&nbsp;<\/p>\n\n\n\n<figure class=\"wp-block-image\"><a href=\"https:\/\/blogger.googleusercontent.com\/img\/a\/AVvXsEinofWh4V514tN2XxcCAZ4N0gUWnDHyhEiZ6EASVax2f5I0jRoDMm9PUmxFuVy2Yq_pVP-_-QbP3jitYiSJUhvIk-VzB8I1lb0orShGo0DmbXJHNW4J4OTkLuA6zDYNvIywgDfU7oqR3W21-N8BqI2C8gbB1IcedPQzhLgfXfOAaasT-DPdBN8r-DEbPGrR\"><img decoding=\"async\" src=\"https:\/\/blogger.googleusercontent.com\/img\/a\/AVvXsEinofWh4V514tN2XxcCAZ4N0gUWnDHyhEiZ6EASVax2f5I0jRoDMm9PUmxFuVy2Yq_pVP-_-QbP3jitYiSJUhvIk-VzB8I1lb0orShGo0DmbXJHNW4J4OTkLuA6zDYNvIywgDfU7oqR3W21-N8BqI2C8gbB1IcedPQzhLgfXfOAaasT-DPdBN8r-DEbPGrR=w640-h360\" alt=\"\"\/><\/a><\/figure>\n\n\n\n<p>Je retrouve Nicolas dans le village de Laprugne qu&rsquo;on avait r\u00e9p\u00e9r\u00e9 pour son \u00e9picerie. Nicolas a eu la gentillesse de m&rsquo;acheter une demi baguette ( il ne restait plus de pain ensuite ) . Je me fais un sandwich au jambon que je mange difficilement m\u00eame si les maux de ventre sont en train de disparaitre. Par exp\u00e9rience, j&#8217;emm\u00e8ne toujours des cachets d&rsquo;immodium qui m&rsquo;ont encore sauv\u00e9. J&rsquo;avale une bouteille enti\u00e8re d&rsquo;eau petillante, les diverses ascensions ont fait chauffer la machine. Je remplis mon sac \u00e0 eau, mange un pain au chocolat en dessert et nous repartons.&nbsp;<\/p>\n\n\n\n<figure class=\"wp-block-image\"><a href=\"https:\/\/blogger.googleusercontent.com\/img\/a\/AVvXsEhCRhSD2vMfsGL1Fn3Z1y1D2KPGwETt4xx1zyVRgwXaMBmSqsp6n94ojnGK9FstuM6SwJFjkHdU9XtYiU8W83qAM1EqcR03HgOlrDWv9ni3zcthb4K9BoaF7ReVBnVfbWY4ZteGQGEp5_uDBLvd0AKvKG0zJBd-yO4Kz_jrDQ21V3nijFDt6gX6e3jfOMQ7\"><img decoding=\"async\" src=\"https:\/\/blogger.googleusercontent.com\/img\/a\/AVvXsEhCRhSD2vMfsGL1Fn3Z1y1D2KPGwETt4xx1zyVRgwXaMBmSqsp6n94ojnGK9FstuM6SwJFjkHdU9XtYiU8W83qAM1EqcR03HgOlrDWv9ni3zcthb4K9BoaF7ReVBnVfbWY4ZteGQGEp5_uDBLvd0AKvKG0zJBd-yO4Kz_jrDQ21V3nijFDt6gX6e3jfOMQ7=w640-h360\" alt=\"\"\/><\/a><\/figure>\n\n\n\n<p>Sensations pas tr\u00e8s bonnes, j&rsquo;ai encore les effets secondaires de mes soucis gastriques, avec des jambes dures et douloureuses. En plus il fait plut\u00f4t tr\u00e8s frais avec un temps gris et venteux Je me dis que l&rsquo;\u00e9preuve pourrait \u00eatre un chemin de croix &#8230; mais je crois en mon \u00e9toile et mon entra\u00eenement pour me sauver.&nbsp;<\/p>\n\n\n\n<p>Nicolas p\u00eate le feu depuis le matin et appuie bien sur les p\u00e9dales. Petit \u00e0 petit le temps s&rsquo;am\u00e9liore et les premiers rayons du soleil ont un effet magique. Dans mon tableau de bord interne, je vois les niveaux d&rsquo;energie passer du rouge au vert rapidement et toutes les douleurs s&rsquo;en vont. Les jambes fonctionnent \u00e0 nouveau \u00e0 plein r\u00e9gime , youpi !&nbsp;<\/p>\n\n\n\n<p>A de nombreuses reprises , nous croisons un concurrent qui s&rsquo;appelle Colin. Au gr\u00e9 des arr\u00eats techniques, on se passe et se repasse et finalement nous roulons ensembles.&nbsp;<\/p>\n\n\n\n<figure class=\"wp-block-image\"><a href=\"https:\/\/blogger.googleusercontent.com\/img\/a\/AVvXsEgkOJA7vNnLEFMfWiWN00TVpa3dvBsBipEcGJ5M1FQ7D3HBUuy0HzRE6ZsxY7-4638fkPPyvzBHPU2nwCwMvpGNe2wvlqWwGlvEKxfhi6Phx1r7lIXan6wkoJq0d6R3PxESCnPtBGAjpjdVPYggQ7AeavUXLWgKbPFrAogsMX4UPdfPUDOQjp2b6f3O2SJI\"><img decoding=\"async\" src=\"https:\/\/blogger.googleusercontent.com\/img\/a\/AVvXsEgkOJA7vNnLEFMfWiWN00TVpa3dvBsBipEcGJ5M1FQ7D3HBUuy0HzRE6ZsxY7-4638fkPPyvzBHPU2nwCwMvpGNe2wvlqWwGlvEKxfhi6Phx1r7lIXan6wkoJq0d6R3PxESCnPtBGAjpjdVPYggQ7AeavUXLWgKbPFrAogsMX4UPdfPUDOQjp2b6f3O2SJI=w640-h360\" alt=\"\"\/><\/a><\/figure>\n\n\n\n<p>Les routes sont belles , desertes de toute voiture. Le paysage est sauvage, et les gen\u00eats sont en fleur partout. Pas la moinde \u00e9picerie ou boulangerie en vue. Ca ne doit pas \u00eatre simple de vivre dans cette r\u00e9gion qui semble desert\u00e9e par les commerces. Il \u00e9tait dix fois plus facile de se ravitailler dans les montagnes de l&rsquo;Atlas au Maroc que dans le Beaujolais \ud83d\ude33.<\/p>\n\n\n\n<p>On essaie r\u00e9guli\u00e8rement de localiser Eric , mais l&rsquo;application de suivi est tr\u00e8s approximative nous indiquant \u00e0 quelques minutes d&rsquo;\u00e9cart qu&rsquo;il est 15 km derri\u00e8re ou 70 km derri\u00e8re. Difficile du coup de savoir quoi faire , l&rsquo;attendre ou pas.&nbsp;<\/p>\n\n\n\n<figure class=\"wp-block-image\"><a href=\"https:\/\/blogger.googleusercontent.com\/img\/b\/R29vZ2xl\/AVvXsEi4D4-B2_zJhCXIrNsL9MAWidDx-yDNqng-XvBUAhXCswN-SSg5ksRK00x6NLUw9ZcXU6tZ0NZJm-2QF84gCDvNd7kqlXh-QnPOTs48734ZN0_O1RGopjtdCSfki-eK6dEsmmbVj8a2SJ8Zk4A9RdR145g35-MBxyz6l_04HV8inN3Mi2W9ET3IlJj3vfKo\/s1536\/ChatGPT%20Image%2013%20mai%202025,%2012_45_14.png\"><img decoding=\"async\" src=\"https:\/\/blogger.googleusercontent.com\/img\/b\/R29vZ2xl\/AVvXsEi4D4-B2_zJhCXIrNsL9MAWidDx-yDNqng-XvBUAhXCswN-SSg5ksRK00x6NLUw9ZcXU6tZ0NZJm-2QF84gCDvNd7kqlXh-QnPOTs48734ZN0_O1RGopjtdCSfki-eK6dEsmmbVj8a2SJ8Zk4A9RdR145g35-MBxyz6l_04HV8inN3Mi2W9ET3IlJj3vfKo\/w640-h426\/ChatGPT%20Image%2013%20mai%202025,%2012_45_14.png\" alt=\"\"\/><\/a><\/figure>\n\n\n\n<p>Colin perd du terrain quand \u00e7a monte , et Nicolas commence \u00e0 manifester des signes de fatigue. Je module le tempo en mont\u00e9e pour l&rsquo;aligner sur Nicolas.&nbsp;<\/p>\n\n\n\n<p>Vers 17h , nous voyons enfin une \u00e9picerie qu&rsquo;on attendait avec impatience pour une pause go\u00fbter. Colin nous y rejoint aussi et on se fait une bonne pause ravitaillement bien m\u00e9rit\u00e9e. Le secret sur une telle distance et avec autant de D+ est de bien recharger le moteur en carburant.&nbsp;<\/p>\n\n\n\n<p>Je sais que 50km plus loin, on rentrera apr\u00e8s Amplepuis dans une zone un peu plus urbanis\u00e9e o\u00f9 nous devrions pouvoir d\u00eener.&nbsp;<\/p>\n\n\n\n<p>Malgr\u00e9 la pause, les jambes de Nicolas ne vont pas beaucoup mieux, il souffre mais \u00e7a tient. Je me dis qu&rsquo;on se fera un bon resto au chaud pour relancer la machine apr\u00e8s le d\u00eener.&nbsp;<\/p>\n\n\n\n<p>Le temps s&rsquo;assombrit, je vois sur le groupe Whatsapp de l&rsquo;\u00e9preuve une alerte m\u00e9teo orages entre 18 et 21h . Aie !&nbsp;<\/p>\n\n\n\n<p>Et effectivement, en passant Amplepuis la pluie fait son apparition. Il y a moins de D+ dans cette partie, on appuie sur les p\u00e9dales pour rejoindre un resto le plus vite possible.&nbsp;<\/p>\n\n\n\n<p>A 19h , on traverse une petite ville , on voit une brasserie pizzeria . H\u00e9las, pas possible de manger sur place , c&rsquo;est \u00e0 emporter et sur commande exclusivement. Je trouve une pizzeria que je pense 10 km plus loin. Je r\u00e9serve et annonce notre arriv\u00e9e dans 30 minutes. Erreur de ma part sur le kilom\u00e8trage r\u00e9el, en fait c&rsquo;est 20km. Zut , 30 minutes, \u00e7a va pas le faire. Allez on y croit, j&rsquo;enl\u00e8ve le limiteur de puissance dans ma t\u00eate et me lance dans un contre la montre motiv\u00e9 par un d\u00eener au chaud dans un resto sympa.&nbsp;<\/p>\n\n\n\n<p>Ca se complique quand le GPS m&rsquo;annonce une mont\u00e9e de 5km \ud83d\ude30. Ca ne monte qu&rsquo;\u00e0 7% , je passe en mode Pogacar en envoyant 300W (!) , l&rsquo;adr\u00e9naline aidant. Qu&rsquo;est-ce qu&rsquo;on ne ferait pas pour un resto bien au chaud&nbsp; ! Je sais que je n&rsquo;arriverai pas \u00e0 l&rsquo;heure mais j&rsquo;ai en t\u00eate de repasser un coup de fil au sommet. Maintenant le tonnerre gronde et un d\u00e9luge s&rsquo;abat sur moi juste au moment o\u00f9 je franchis la pancarte de Meaux-la-Montagne. Charmant village et oh miracle : sur ma gauche, non r\u00e9f\u00e9renc\u00e9 sur la carte , un superbe restaurant tout neuf \u00e9clair\u00e9 !&nbsp;<\/p>\n\n\n\n<p>Je pose le v\u00e9lo, rentre et une charmante dame me confirme qu&rsquo;on peut y manger \ud83d\ude00.&nbsp;<\/p>\n\n\n\n<p>Je me poste \u00e0 l&rsquo;entr\u00e9e du resto guettant l&rsquo;arriv\u00e9e de Nicolas qui me rejoint quelques minutes plus tard.&nbsp;<\/p>\n\n\n\n<p>Ce resto est un miracle, avec une patronne super sympa et une carte tout aussi appetissante. Ce n&rsquo;est pas raisoinnable avant d&rsquo;attaquer une nuit avec 20 cols \u00e0 passer mais je commande une terrine de campagne et un tournedos Rossinni. Miam !&nbsp;<\/p>\n\n\n\n<figure class=\"wp-block-image\"><a href=\"https:\/\/blogger.googleusercontent.com\/img\/a\/AVvXsEiESMFuIgm6FKarST5CMm08OiOBErjAl1Smbne4MVqJ0LeQZFCMsdsTX5blif3vK84IvzrHkcxohEj-xxkiMFwn8zQfMy_JLYCSqbk2T0As2lWTjB3Z5XOGjWi1XLsh8mUMDSIzx4ChdhwMASm9j3-EfJvuizUMiQBGkuNq4su2WllPPTYRLhqjDUqjhR32\"><img decoding=\"async\" src=\"https:\/\/blogger.googleusercontent.com\/img\/a\/AVvXsEiESMFuIgm6FKarST5CMm08OiOBErjAl1Smbne4MVqJ0LeQZFCMsdsTX5blif3vK84IvzrHkcxohEj-xxkiMFwn8zQfMy_JLYCSqbk2T0As2lWTjB3Z5XOGjWi1XLsh8mUMDSIzx4ChdhwMASm9j3-EfJvuizUMiQBGkuNq4su2WllPPTYRLhqjDUqjhR32=w640-h360\" alt=\"\"\/><\/a><\/figure>\n\n\n\n<figure class=\"wp-block-image\"><a href=\"https:\/\/blogger.googleusercontent.com\/img\/a\/AVvXsEgV2XZvEkmF_8oHud9-YoUiWhSYAPx9aJA0hgx6Mg3GAeIBXpdQ32qWloXkNmq-MKrwzg8GiRTILKaXLvpPqBLAVnRfXs4TushDl8D5yz1R14WnsAd3eyl8FQ_7YQFmcrDtkYfiXl2HSlG-p1XBCR5siyAxLXTCwT0Kjt2hl59wlyXkFcTKJF8zkrGYL5c5\"><img decoding=\"async\" src=\"https:\/\/blogger.googleusercontent.com\/img\/a\/AVvXsEgV2XZvEkmF_8oHud9-YoUiWhSYAPx9aJA0hgx6Mg3GAeIBXpdQ32qWloXkNmq-MKrwzg8GiRTILKaXLvpPqBLAVnRfXs4TushDl8D5yz1R14WnsAd3eyl8FQ_7YQFmcrDtkYfiXl2HSlG-p1XBCR5siyAxLXTCwT0Kjt2hl59wlyXkFcTKJF8zkrGYL5c5=w640-h360\" alt=\"\"\/><\/a><\/figure>\n\n\n\n<p>Le tout arros\u00e9 de deux bi\u00e8res , il faut prendre des forces .&nbsp;<\/p>\n\n\n\n<p>La patronne propose m\u00eame des serviettes \u00e0 Nicolas pour le s\u00e9cher.&nbsp;<\/p>\n\n\n\n<p>On prend notre temps , la nuit s&rsquo;annonce difficile. On voit passer sur le groupe Whatsapp une photo des 4 premiers qui sont juste 20 km devant.&nbsp;<\/p>\n\n\n\n<p>Malheureusement les meilleures choses ont une fin, il est temps de repartir \u00e0 21h30 . La pluie s&rsquo;est arret\u00e9e d\u00e9finitivement mais il fait froid et humide. J&rsquo;h\u00e9site \u00e0 mettre ma doudoune, mais vu les mont\u00e9es \u00e0 venir j&rsquo;ai peur d&rsquo;avoir trop chaud et effectivement , on se rechauffe rapidement.&nbsp;<\/p>\n\n\n\n<p>C&rsquo;est l\u00e0 que commence un infernal enchainement de longues mont\u00e9es ( 5 \u00e0 12 km ) . Les mont\u00e9es , ce n&rsquo;est pas un probl\u00e8me pour moi aujourd&rsquo;hui \u00e7a tourne tout seul. Par contre, on se refroidit dans les descentes au niveau des jambes, malgr\u00e9 les jambi\u00e8res. Et quand il faut rep\u00e9daler , c&rsquo;est douloureux \u00e0 chaque fois pendant quelques minutes. J&rsquo;esp\u00e8re qu&rsquo;il fera plus chaud sur la RAF , o\u00f9 alors , il faut que je trouve des jambi\u00e8res plus chaudes. A la longue , \u00e7a devenait un supplice et &#8230; je d\u00e9testais les descentes !&nbsp;<\/p>\n\n\n\n<p>En plein milieu de la nuit , on se retrouve sans une soir\u00e9e mousse g\u00e9ante dans un village. Je me suis demand\u00e9 un instant si j&rsquo;avais des hallucinations par manque de sommeil !&nbsp;<\/p>\n\n\n\n<figure class=\"wp-block-image\"><a href=\"https:\/\/blogger.googleusercontent.com\/img\/a\/AVvXsEj8WrxOJLNJlOtBrLZpcRkHA8o59X2TxkRF9SyUNR_hHUm5vjPO7xolCvu7NhjBk-CBmeQY2imsZuDvi_iEmuvZ-8d-BL1rCfhs0NbOquuQikuPkzefXXr00B_86X2gQW2j0VOkoDmw32VAxjcQKCKshRT_OcG0BRlPSKSJgiSKfI-51Eh10oJ0rVTyAUXZ\"><img decoding=\"async\" src=\"https:\/\/blogger.googleusercontent.com\/img\/a\/AVvXsEj8WrxOJLNJlOtBrLZpcRkHA8o59X2TxkRF9SyUNR_hHUm5vjPO7xolCvu7NhjBk-CBmeQY2imsZuDvi_iEmuvZ-8d-BL1rCfhs0NbOquuQikuPkzefXXr00B_86X2gQW2j0VOkoDmw32VAxjcQKCKshRT_OcG0BRlPSKSJgiSKfI-51Eh10oJ0rVTyAUXZ=w640-h362\" alt=\"\"\/><\/a><\/figure>\n\n\n\n<p>Dans la tr\u00e8s longue ( 11 km ) mont\u00e9e vers le Col de Crie , on double un concurrent en perdition. A la question \u00e7a va , on aura une r\u00e9ponse du style \u00ab\u00a0Arghlglougrrrraahhh\u00a0\u00bb .&nbsp;<\/p>\n\n\n\n<p>Au col de Crie, la carte dit qu&rsquo;il y a un point d&rsquo;eau . Mais c&rsquo;est un lieu touristique , il y a de nombreuses aires de parking . Allez donc trouver un robinet \u00e0 la frontale \u00e0 1h30 du matin au milieu d&rsquo;une for\u00eat inconnue !. Mais on le trouve . Nicolas m&rsquo;inqui\u00e8te, il est gel\u00e9 . Moi aussi d&rsquo;ailleurs mais contrairement \u00e0 lui , j&rsquo;ai ma doudoune dans la sacohe que j&rsquo;enfile en tremblant. Nicolas met sa couvertur de survie sous sa veste de pluie en plan B . Conclusion : toujours prendre la doudoune !&nbsp;<\/p>\n\n\n\n<p>Apr\u00e8s avoir bien bu et mang\u00e9 un peu , on repart sous peine de finir gel\u00e9s et d\u00e9vor\u00e9s par les loups du Beaujolais dont Steven n&rsquo;a pas oubli\u00e9 de mentionner la pr\u00e9sence. M&rsquo;\u00e9tonne pas qu&rsquo;il y ait des loups vu tout le gibier qu&rsquo;on a rencontr\u00e9 et la pr\u00e9sence humaine vraiment discr\u00e8te dans le coin. Mais \u00e9tonnament, aucun loup ne tentera de nous manger pour son d\u00eener.&nbsp;<\/p>\n\n\n\n<p>On craphute toute la nuit entre mont\u00e9es parfois tr\u00e8s raides dont une m\u00e9morable vers une chapelle surplombant la Sa\u00f4ne.&nbsp;<\/p>\n\n\n\n<figure class=\"wp-block-image\"><a href=\"https:\/\/blogger.googleusercontent.com\/img\/a\/AVvXsEjB1GcKADr-nLzHyXSWkIcwmb-CUStr5QapB0eb5LESITU4ymB7ux-nA6JF50FP59jPxVDvEttoX_O8suj9ydzXuh3pZhUwJnYvq9bviPQZfUJ-n59MHTBL6DxdCowqSyWZLixHoqPSAqz61vkK_nsb2IJGmVwJmLynr3QbsUhvgMaFZXvQ4jVl-r5frSry\"><img decoding=\"async\" src=\"https:\/\/blogger.googleusercontent.com\/img\/a\/AVvXsEjB1GcKADr-nLzHyXSWkIcwmb-CUStr5QapB0eb5LESITU4ymB7ux-nA6JF50FP59jPxVDvEttoX_O8suj9ydzXuh3pZhUwJnYvq9bviPQZfUJ-n59MHTBL6DxdCowqSyWZLixHoqPSAqz61vkK_nsb2IJGmVwJmLynr3QbsUhvgMaFZXvQ4jVl-r5frSry=w640-h360\" alt=\"\"\/><\/a><\/figure>\n\n\n\n<figure class=\"wp-block-image\"><a href=\"https:\/\/blogger.googleusercontent.com\/img\/a\/AVvXsEjEC00MSHDyc3HXuM2eDoafS5ZTENyuxftbmsYc6pwerP2kjLXptASOZ_XGx1fXXw0DbGzeoLqBmeXIMKeFNH1tIchKUtPJCMr5RSwfI-e_s06eNXnDgqltVWMV1jdFpWBuRvzGX1LsJOBGOGeFbryBa5Osu2R24_uJwHfNybe3QQR8QSkufEYuDVM24-t4\"><img decoding=\"async\" src=\"https:\/\/blogger.googleusercontent.com\/img\/a\/AVvXsEjEC00MSHDyc3HXuM2eDoafS5ZTENyuxftbmsYc6pwerP2kjLXptASOZ_XGx1fXXw0DbGzeoLqBmeXIMKeFNH1tIchKUtPJCMr5RSwfI-e_s06eNXnDgqltVWMV1jdFpWBuRvzGX1LsJOBGOGeFbryBa5Osu2R24_uJwHfNybe3QQR8QSkufEYuDVM24-t4=w640-h360\" alt=\"\"\/><\/a><\/figure>\n\n\n\n<p>C&rsquo;est l\u00e0 qu&rsquo;en regardant le t\u00e9l\u00e9phone je vois un appel au secours d&rsquo;Eric . Il est en panne de GPS depuis le d\u00e9part ( voil\u00e0 pourquoi on l&rsquo;a perdu ) et nous cherche. Malheureusement, le suivi le localise en pleine pampa, impossible de comprendre o\u00f9 il se trouve r\u00e9ellement .Pendant ce temps Nicolas se demande ce qu&rsquo;est la masse noire au yeux jaunes qui nous regarde au fond du pr\u00e8 \u00e0 cot\u00e9 de la chapelle \ud83d\ude31 . Je pr\u00e9f\u00e8re ne pas y penser, il est temps de repartir , je vous laisse juge de la photo.&nbsp;<\/p>\n\n\n\n<figure class=\"wp-block-image\"><a href=\"https:\/\/blogger.googleusercontent.com\/img\/b\/R29vZ2xl\/AVvXsEgn1ObVISdQ1aviNhy-KHBqtJQ_39BEHtzV9tP0A3Wwx28ww6Jc-6iEnzoCsIH_PgTDof3ItYi3XAAY_98X-qMUO1iLfqfXOKqA1LS-L-KOPghp5kXXYs82eg7uRGZId2nSw6PjdLVpNaiNpB33NoQku4mWYBA8GbtLmUBQuR94NnQElvCzx7FGGRY7UyGP\/s1536\/ChatGPT%20Image%2013%20mai%202025,%2012_52_16.png\"><img decoding=\"async\" src=\"https:\/\/blogger.googleusercontent.com\/img\/b\/R29vZ2xl\/AVvXsEgn1ObVISdQ1aviNhy-KHBqtJQ_39BEHtzV9tP0A3Wwx28ww6Jc-6iEnzoCsIH_PgTDof3ItYi3XAAY_98X-qMUO1iLfqfXOKqA1LS-L-KOPghp5kXXYs82eg7uRGZId2nSw6PjdLVpNaiNpB33NoQku4mWYBA8GbtLmUBQuR94NnQElvCzx7FGGRY7UyGP\/w640-h426\/ChatGPT%20Image%2013%20mai%202025,%2012_52_16.png\" alt=\"\"\/><\/a><\/figure>\n\n\n\n<p>Nous repartons, descente aussi raide que la mont\u00e9e vers la plaine de la Sa\u00f4ne et la civilisation. On ne reste pas longtemps dans la plaine, \u00e7a remonte direct sur 11km .&nbsp;<\/p>\n\n\n\n<p>On arrive au petit matin, il est 5h et on voit d\u00e9j\u00e0 des lueurs oranges annoncer le lever du soleil. On double un concurrent , je lui demande si \u00e7a va &#8230; sans reconna\u00eetre Eric. Difficle de comprendre par quel magie il se trouve l\u00e0 devant nous mais c&rsquo;est le 2\u00e8me miracle du jour , nous voil\u00e0 enfin ensembles et \u00e7a nous booste tous.&nbsp;<\/p>\n\n\n\n<p>Nous arrivons vers 8h \u00e0 Tramayes, \u00e0 110km de l&rsquo;arriv\u00e9e o\u00f9 nous trouvons enfin des commerces ouverts. Les boulangeries sont toutes d\u00e9fintiviement ferm\u00e9es comme dans la plupart des autres villages travers\u00e9s mais il y a un Carrefour express avec d\u00e9pot de pain et viennoiseries. Nous faisons un petit dej copieux et Nicolas decide de rester au soleil faire une sieste sur un banc, il a besoin de dormir pour retrouver ses jambes .<\/p>\n\n\n\n<p>Je repars donc avec Eric, lui servant de guide puisque son GPS est HS . De mon c\u00f4t\u00e9 , mon nouveau COROS Dura est le GPS r\u00e9v\u00e9 pour l&rsquo;ultra . Il a consomm\u00e9 \u00e0 peine 30% de batterie \u00e0 ce stade de l&rsquo;\u00e9preuve et finira \u00e0 65% gr\u00e2ce \u00e0 la recharge solaire&nbsp;<\/p>\n\n\n\n<p>Le D+ annonc\u00e9 \u00e9tait de 8300m, mon GPS annonce 7800. Soit la fin de parcours est beaucoup plus plate soit le denivel\u00e9 est sup\u00e9rieur. Connaissant bien Steven, je n&rsquo;imagine pas trop la premi\u00e8re option. Et effectivement, on va enchainer encore de nombreuses bosses, heureusement les plus longues ne sont pas trop pentues mais mentalement, je commence quand m\u00eame a voir une overdose de mont\u00e9es.On se fait une mini pause au bord d&rsquo;une bel \u00e9tang, quand le GPS m&rsquo;indique 6,9 km de mont\u00e9e \u00e0 30km de l&rsquo;arriv\u00e9e , le temps de convaincre nos cerveaux d&rsquo;affronter la difficult\u00e9 qui finalement se fait facilement \ud83d\ude09<\/p>\n\n\n\n<figure class=\"wp-block-image\"><a href=\"https:\/\/blogger.googleusercontent.com\/img\/a\/AVvXsEhNJAKSdneO2eQa4x-E34-2VFxtBZ_Yk32pqyEG0BKi3vw8k_dy8xgJSwkyBSDL5-3JboCK238-0z53Q5CvemqmgDGvCjj95t-t1N6z4mKEE7KJBNmUdWRKZ5inCFCVKchUq_tOx8mwaBjx71q84QU1GpEexDC6Ixb8JAJvtru-aZvZ1-mC2qrB4h7IWqUJ\"><img decoding=\"async\" src=\"https:\/\/blogger.googleusercontent.com\/img\/a\/AVvXsEhNJAKSdneO2eQa4x-E34-2VFxtBZ_Yk32pqyEG0BKi3vw8k_dy8xgJSwkyBSDL5-3JboCK238-0z53Q5CvemqmgDGvCjj95t-t1N6z4mKEE7KJBNmUdWRKZ5inCFCVKchUq_tOx8mwaBjx71q84QU1GpEexDC6Ixb8JAJvtru-aZvZ1-mC2qrB4h7IWqUJ=w640-h360\" alt=\"\"\/><\/a><\/figure>\n\n\n\n<p>Il fait maintenant chaud , j&rsquo;ai enlev\u00e9 toutes les couches pour me retrouver en court. Et je sens que je suis en train de prendre un coup de soleil dans le cou. Le paysage est vraiment tr\u00e8s beau sur cette partie du parcours, moins sauvage mais avec des vues magnifiques sur les lacs , les rivi\u00e8res et de beaux chateaux et des pr\u00e9 remplis de vaches et de boutons d&rsquo;or.&nbsp;<\/p>\n\n\n\n<figure class=\"wp-block-image\"><a href=\"https:\/\/blogger.googleusercontent.com\/img\/a\/AVvXsEgRemc7MMQsEkcFirJ6-U9E4HqGtaAjetoDsjNaEFc_Ys-8VlySWxFnXJVIcZyOB7UlstBO4QRtMwSz_vFGkjPBLxSp3IzTXjm0No5JqZXSniuEEK1Iua_9VYq1Nhm6SCYQrY_7mFU98QUglPVDxzJalnrd5YXlqtQWCj1OoOatl97pt08sCaJ-gL1-HYrq\"><img decoding=\"async\" src=\"https:\/\/blogger.googleusercontent.com\/img\/a\/AVvXsEgRemc7MMQsEkcFirJ6-U9E4HqGtaAjetoDsjNaEFc_Ys-8VlySWxFnXJVIcZyOB7UlstBO4QRtMwSz_vFGkjPBLxSp3IzTXjm0No5JqZXSniuEEK1Iua_9VYq1Nhm6SCYQrY_7mFU98QUglPVDxzJalnrd5YXlqtQWCj1OoOatl97pt08sCaJ-gL1-HYrq=w640-h360\" alt=\"\"\/><\/a><\/figure>\n\n\n\n<p>Les jambes tournent toujours bien, Eric a un peu de mal dans les longues mont\u00e9es mais passe les plus courtes en danseuse en envoyant des sacr\u00e9s watts. Ca fait plaisir de le voir aussi en forme pour son premier 500km, encore une bonne recrue dans la Team ultra \ud83d\ude00<\/p>\n\n\n\n<p>Et finalement, nous arrivons sur une voie verte pour les 10 derniers km , les seuls km de plat de tout le parcours !&nbsp;<\/p>\n\n\n\n<p>Arriv\u00e9e \u00e0 Charlieu peu apr\u00e8s 14h , avec Benjamin et toute sa famille comme comit\u00e9 d&rsquo;accueil qui nous a m\u00eame command\u00e9 une bi\u00e8re . Merci Benjamin ! Et f\u00e9licitations au petit Gabriel , une m\u00e9daille de Finisher \u00e0 6 ans \u00e7a doit \u00eatre un record !<\/p>\n\n\n\n<p>Apr\u00e8s un peu plus de 32 heures d&rsquo;effort dont 26 de roulage. nous voil\u00e0 finishers avec 8800 D+. Encourageant pour la RAF. Nicolas nous rejoint une heure plus tard. la sieste lui ayant permis de bien r\u00e9cup\u00e9rer.&nbsp;<\/p>\n\n\n\n<p>Encore une belle aventure et de magnifiques souvenirs et un grand merci \u00e0 la super \u00e9quipe Gravelman. On souhaite bonne chance \u00e0 Steven pour son p\u00e9riple de 15.000 km vers le Nepal !<\/p>\n\n\n\n<figure class=\"wp-block-image\"><a href=\"https:\/\/blogger.googleusercontent.com\/img\/a\/AVvXsEiW4JvA_cwWfZt-4evG-6VaodNW3Pwi244sS6dk6pU3UYJfapkfoo6EopIVLlzRNByX3tRiPHIdH3_PulCmaftd-07JLsNg9nsWt6FVjc81DBuR531ruRUs6Bs4gF84tvEurGog7VyeQNdGGPSaO2TuZjo-OGPpW1z-BmGYB54Z6x7NL8Npfk-31KR67y0b\"><img decoding=\"async\" src=\"https:\/\/blogger.googleusercontent.com\/img\/a\/AVvXsEiW4JvA_cwWfZt-4evG-6VaodNW3Pwi244sS6dk6pU3UYJfapkfoo6EopIVLlzRNByX3tRiPHIdH3_PulCmaftd-07JLsNg9nsWt6FVjc81DBuR531ruRUs6Bs4gF84tvEurGog7VyeQNdGGPSaO2TuZjo-OGPpW1z-BmGYB54Z6x7NL8Npfk-31KR67y0b=w640-h480\" alt=\"\"\/><\/a><\/figure>\n\n\n\n<figure class=\"wp-block-image\"><a href=\"https:\/\/blogger.googleusercontent.com\/img\/a\/AVvXsEiygze0Z5c4JVLz_QKDlMtguHCVI4eBIEzFlKUgaGHxciqVOhHtY2tIgFpERrwhsF0SAZdNz0YWfhsLd6hvfXIyKMkudTIIMZFK3AJK4lYzszSPyxEi1ZRbDxycQiy58mT7ZjgOTmmow7fCVqtVFtcjkEbvvR1OsDytPLh96v095Jdzw_CnZ0VizeUJ20D8\"><img decoding=\"async\" src=\"https:\/\/blogger.googleusercontent.com\/img\/a\/AVvXsEiygze0Z5c4JVLz_QKDlMtguHCVI4eBIEzFlKUgaGHxciqVOhHtY2tIgFpERrwhsF0SAZdNz0YWfhsLd6hvfXIyKMkudTIIMZFK3AJK4lYzszSPyxEi1ZRbDxycQiy58mT7ZjgOTmmow7fCVqtVFtcjkEbvvR1OsDytPLh96v095Jdzw_CnZ0VizeUJ20D8=w640-h480\" alt=\"\"\/><\/a><\/figure>\n\n\n\n<figure class=\"wp-block-image\"><a href=\"https:\/\/blogger.googleusercontent.com\/img\/a\/AVvXsEhJOTBCwvHJdmWNAyaBM7G7VRuSHRrMuyCHswLbwmylhPi5BiMgwzHubcAdE2Gc94TFSghv_X5VadichZMr_EHPGwZgzF-If7VPmQnLpFK8jsDb2WF8K6QnC5fXKrfieAOpKOkeIowX66aqxVEiRc4qsrEOFijMW9quAN2WYrlaZoAA4g1jv8AT3LPlMGv-\"><img decoding=\"async\" src=\"https:\/\/blogger.googleusercontent.com\/img\/a\/AVvXsEhJOTBCwvHJdmWNAyaBM7G7VRuSHRrMuyCHswLbwmylhPi5BiMgwzHubcAdE2Gc94TFSghv_X5VadichZMr_EHPGwZgzF-If7VPmQnLpFK8jsDb2WF8K6QnC5fXKrfieAOpKOkeIowX66aqxVEiRc4qsrEOFijMW9quAN2WYrlaZoAA4g1jv8AT3LPlMGv-=w360-h640\" alt=\"\"\/><\/a><\/figure>\n\n\n\n<figure class=\"wp-block-image\"><a href=\"https:\/\/blogger.googleusercontent.com\/img\/a\/AVvXsEg1RNzHjvKg3FlGpLbkWvbXEZEqz-F2xA3ZXaBMUM62PFSdCPDFwWytRM_yz-21HQKZrw6i2tcNIzSq2YM6Rx0x1ozqnshvNnWhGSkWt1itu_JXvimo9jIIXBu4jGkehKl3otM_d4Z2OfQlFKybh-rc2jv3zMhejMpi1L2lVo6l6Dctrh8XgcX_GtaywNCw\"><img decoding=\"async\" src=\"https:\/\/blogger.googleusercontent.com\/img\/a\/AVvXsEg1RNzHjvKg3FlGpLbkWvbXEZEqz-F2xA3ZXaBMUM62PFSdCPDFwWytRM_yz-21HQKZrw6i2tcNIzSq2YM6Rx0x1ozqnshvNnWhGSkWt1itu_JXvimo9jIIXBu4jGkehKl3otM_d4Z2OfQlFKybh-rc2jv3zMhejMpi1L2lVo6l6Dctrh8XgcX_GtaywNCw=w640-h482\" alt=\"\"\/><\/a><\/figure>\n","protected":false},"excerpt":{"rendered":"<p>Nous sommes inscrits avec Nicolas et Ludo \u00e0 la RAF1000 qui partira le 16 Juin de Clermont-Ferrand en direction de Mandelieu avec 18.000m de d\u00e9nivel\u00e9 positif au programme. Nicolas n&rsquo;ayant &hellip; <\/p>\n<p class=\"link-more\"><a href=\"https:\/\/bikexplore.brocld.fr\/?p=208\" class=\"more-link\">Continuer la lecture<span class=\"screen-reader-text\"> de &laquo;&nbsp;2025-05-09 Gravelman Beaujolais 500 route 9 Mai 2025&nbsp;&raquo;<\/span><\/a><\/p>\n","protected":false},"author":1,"featured_media":0,"comment_status":"open","ping_status":"closed","sticky":false,"template":"","format":"standard","meta":{"footnotes":""},"categories":[1],"tags":[],"class_list":["post-208","post","type-post","status-publish","format-standard","hentry","category-uncategorized"],"yoast_head":"<!-- This site is optimized with the Yoast SEO plugin v26.5 - https:\/\/yoast.com\/wordpress\/plugins\/seo\/ -->\n<title>2025-05-09 Gravelman Beaujolais 500 route 9 Mai 2025 - BikeXplore<\/title>\n<meta name=\"robots\" content=\"index, follow, max-snippet:-1, max-image-preview:large, max-video-preview:-1\" \/>\n<link rel=\"canonical\" href=\"https:\/\/bikexplore.brocld.fr\/?p=208\" \/>\n<meta property=\"og:locale\" content=\"fr_FR\" \/>\n<meta property=\"og:type\" content=\"article\" \/>\n<meta property=\"og:title\" content=\"2025-05-09 Gravelman Beaujolais 500 route 9 Mai 2025 - BikeXplore\" \/>\n<meta property=\"og:description\" content=\"Nous sommes inscrits avec Nicolas et Ludo \u00e0 la RAF1000 qui partira le 16 Juin de Clermont-Ferrand en direction de Mandelieu avec 18.000m de d\u00e9nivel\u00e9 positif au programme. Nicolas n&rsquo;ayant &hellip; Continuer la lecture de &laquo;&nbsp;2025-05-09 Gravelman Beaujolais 500 route 9 Mai 2025&nbsp;&raquo;\" \/>\n<meta property=\"og:url\" content=\"https:\/\/bikexplore.brocld.fr\/?p=208\" \/>\n<meta property=\"og:site_name\" content=\"BikeXplore\" \/>\n<meta property=\"article:published_time\" content=\"2025-11-30T17:42:42+00:00\" \/>\n<meta property=\"article:modified_time\" content=\"2025-11-30T17:42:44+00:00\" \/>\n<meta property=\"og:image\" content=\"https:\/\/blogger.googleusercontent.com\/img\/a\/AVvXsEgMbttq25IodNah6L2IhtSxw-MKKohkyoGRuLF3vBvEcW5kJXKPO9eDDYVrrllPZRflXH52f50QY7ktJkeFKGp3xu6i3cITBwRsg8--rRJxd-uROW-KZGJK0jZUsdV1m3VHOO1E0MRqFfWz7aSZ-_R-yKDThZr9LrdSDXZrmj8bfXCiHQGWUSGlMZWaxPsk=s16000\" \/>\n<meta name=\"author\" content=\"admin\" \/>\n<meta name=\"twitter:card\" content=\"summary_large_image\" \/>\n<meta name=\"twitter:label1\" content=\"\u00c9crit par\" \/>\n\t<meta name=\"twitter:data1\" content=\"admin\" \/>\n\t<meta name=\"twitter:label2\" content=\"Dur\u00e9e de lecture estim\u00e9e\" \/>\n\t<meta name=\"twitter:data2\" content=\"19 minutes\" \/>\n<script type=\"application\/ld+json\" class=\"yoast-schema-graph\">{\"@context\":\"https:\/\/schema.org\",\"@graph\":[{\"@type\":\"Article\",\"@id\":\"https:\/\/bikexplore.brocld.fr\/?p=208#article\",\"isPartOf\":{\"@id\":\"https:\/\/bikexplore.brocld.fr\/?p=208\"},\"author\":{\"name\":\"admin\",\"@id\":\"https:\/\/bikexplore.brocld.fr\/#\/schema\/person\/53671223e701548643b903c211b1b0f8\"},\"headline\":\"2025-05-09 Gravelman Beaujolais 500 route 9 Mai 2025\",\"datePublished\":\"2025-11-30T17:42:42+00:00\",\"dateModified\":\"2025-11-30T17:42:44+00:00\",\"mainEntityOfPage\":{\"@id\":\"https:\/\/bikexplore.brocld.fr\/?p=208\"},\"wordCount\":2967,\"commentCount\":0,\"publisher\":{\"@id\":\"https:\/\/bikexplore.brocld.fr\/#organization\"},\"image\":{\"@id\":\"https:\/\/bikexplore.brocld.fr\/?p=208#primaryimage\"},\"thumbnailUrl\":\"https:\/\/blogger.googleusercontent.com\/img\/a\/AVvXsEgMbttq25IodNah6L2IhtSxw-MKKohkyoGRuLF3vBvEcW5kJXKPO9eDDYVrrllPZRflXH52f50QY7ktJkeFKGp3xu6i3cITBwRsg8--rRJxd-uROW-KZGJK0jZUsdV1m3VHOO1E0MRqFfWz7aSZ-_R-yKDThZr9LrdSDXZrmj8bfXCiHQGWUSGlMZWaxPsk=s16000\",\"articleSection\":[\"Uncategorized\"],\"inLanguage\":\"fr-FR\",\"potentialAction\":[{\"@type\":\"CommentAction\",\"name\":\"Comment\",\"target\":[\"https:\/\/bikexplore.brocld.fr\/?p=208#respond\"]}]},{\"@type\":\"WebPage\",\"@id\":\"https:\/\/bikexplore.brocld.fr\/?p=208\",\"url\":\"https:\/\/bikexplore.brocld.fr\/?p=208\",\"name\":\"2025-05-09 Gravelman Beaujolais 500 route 9 Mai 2025 - BikeXplore\",\"isPartOf\":{\"@id\":\"https:\/\/bikexplore.brocld.fr\/#website\"},\"primaryImageOfPage\":{\"@id\":\"https:\/\/bikexplore.brocld.fr\/?p=208#primaryimage\"},\"image\":{\"@id\":\"https:\/\/bikexplore.brocld.fr\/?p=208#primaryimage\"},\"thumbnailUrl\":\"https:\/\/blogger.googleusercontent.com\/img\/a\/AVvXsEgMbttq25IodNah6L2IhtSxw-MKKohkyoGRuLF3vBvEcW5kJXKPO9eDDYVrrllPZRflXH52f50QY7ktJkeFKGp3xu6i3cITBwRsg8--rRJxd-uROW-KZGJK0jZUsdV1m3VHOO1E0MRqFfWz7aSZ-_R-yKDThZr9LrdSDXZrmj8bfXCiHQGWUSGlMZWaxPsk=s16000\",\"datePublished\":\"2025-11-30T17:42:42+00:00\",\"dateModified\":\"2025-11-30T17:42:44+00:00\",\"breadcrumb\":{\"@id\":\"https:\/\/bikexplore.brocld.fr\/?p=208#breadcrumb\"},\"inLanguage\":\"fr-FR\",\"potentialAction\":[{\"@type\":\"ReadAction\",\"target\":[\"https:\/\/bikexplore.brocld.fr\/?p=208\"]}]},{\"@type\":\"ImageObject\",\"inLanguage\":\"fr-FR\",\"@id\":\"https:\/\/bikexplore.brocld.fr\/?p=208#primaryimage\",\"url\":\"https:\/\/blogger.googleusercontent.com\/img\/a\/AVvXsEgMbttq25IodNah6L2IhtSxw-MKKohkyoGRuLF3vBvEcW5kJXKPO9eDDYVrrllPZRflXH52f50QY7ktJkeFKGp3xu6i3cITBwRsg8--rRJxd-uROW-KZGJK0jZUsdV1m3VHOO1E0MRqFfWz7aSZ-_R-yKDThZr9LrdSDXZrmj8bfXCiHQGWUSGlMZWaxPsk=s16000\",\"contentUrl\":\"https:\/\/blogger.googleusercontent.com\/img\/a\/AVvXsEgMbttq25IodNah6L2IhtSxw-MKKohkyoGRuLF3vBvEcW5kJXKPO9eDDYVrrllPZRflXH52f50QY7ktJkeFKGp3xu6i3cITBwRsg8--rRJxd-uROW-KZGJK0jZUsdV1m3VHOO1E0MRqFfWz7aSZ-_R-yKDThZr9LrdSDXZrmj8bfXCiHQGWUSGlMZWaxPsk=s16000\"},{\"@type\":\"BreadcrumbList\",\"@id\":\"https:\/\/bikexplore.brocld.fr\/?p=208#breadcrumb\",\"itemListElement\":[{\"@type\":\"ListItem\",\"position\":1,\"name\":\"Accueil\",\"item\":\"https:\/\/bikexplore.brocld.fr\/\"},{\"@type\":\"ListItem\",\"position\":2,\"name\":\"2025-05-09 Gravelman Beaujolais 500 route 9 Mai 2025\"}]},{\"@type\":\"WebSite\",\"@id\":\"https:\/\/bikexplore.brocld.fr\/#website\",\"url\":\"https:\/\/bikexplore.brocld.fr\/\",\"name\":\"BikeXplore\",\"description\":\"Pour partager des aventures \u00e0 v\u00e9lo !\",\"publisher\":{\"@id\":\"https:\/\/bikexplore.brocld.fr\/#organization\"},\"potentialAction\":[{\"@type\":\"SearchAction\",\"target\":{\"@type\":\"EntryPoint\",\"urlTemplate\":\"https:\/\/bikexplore.brocld.fr\/?s={search_term_string}\"},\"query-input\":{\"@type\":\"PropertyValueSpecification\",\"valueRequired\":true,\"valueName\":\"search_term_string\"}}],\"inLanguage\":\"fr-FR\"},{\"@type\":\"Organization\",\"@id\":\"https:\/\/bikexplore.brocld.fr\/#organization\",\"name\":\"BikeXplore\",\"url\":\"https:\/\/bikexplore.brocld.fr\/\",\"logo\":{\"@type\":\"ImageObject\",\"inLanguage\":\"fr-FR\",\"@id\":\"https:\/\/bikexplore.brocld.fr\/#\/schema\/logo\/image\/\",\"url\":\"https:\/\/bikexplore.brocld.fr\/wp-content\/uploads\/2025\/11\/cropped-bikexplore_logo2.webp\",\"contentUrl\":\"https:\/\/bikexplore.brocld.fr\/wp-content\/uploads\/2025\/11\/cropped-bikexplore_logo2.webp\",\"width\":479,\"height\":214,\"caption\":\"BikeXplore\"},\"image\":{\"@id\":\"https:\/\/bikexplore.brocld.fr\/#\/schema\/logo\/image\/\"}},{\"@type\":\"Person\",\"@id\":\"https:\/\/bikexplore.brocld.fr\/#\/schema\/person\/53671223e701548643b903c211b1b0f8\",\"name\":\"admin\",\"image\":{\"@type\":\"ImageObject\",\"inLanguage\":\"fr-FR\",\"@id\":\"https:\/\/bikexplore.brocld.fr\/#\/schema\/person\/image\/\",\"url\":\"https:\/\/secure.gravatar.com\/avatar\/88a73b3f8990278736f8051a3aebe8fac277bca0a47de716922f33a4f00168f4?s=96&d=mm&r=g\",\"contentUrl\":\"https:\/\/secure.gravatar.com\/avatar\/88a73b3f8990278736f8051a3aebe8fac277bca0a47de716922f33a4f00168f4?s=96&d=mm&r=g\",\"caption\":\"admin\"},\"sameAs\":[\"https:\/\/testbike.brocld.fr\"],\"url\":\"https:\/\/bikexplore.brocld.fr\/?author=1\"}]}<\/script>\n<!-- \/ Yoast SEO plugin. -->","yoast_head_json":{"title":"2025-05-09 Gravelman Beaujolais 500 route 9 Mai 2025 - BikeXplore","robots":{"index":"index","follow":"follow","max-snippet":"max-snippet:-1","max-image-preview":"max-image-preview:large","max-video-preview":"max-video-preview:-1"},"canonical":"https:\/\/bikexplore.brocld.fr\/?p=208","og_locale":"fr_FR","og_type":"article","og_title":"2025-05-09 Gravelman Beaujolais 500 route 9 Mai 2025 - BikeXplore","og_description":"Nous sommes inscrits avec Nicolas et Ludo \u00e0 la RAF1000 qui partira le 16 Juin de Clermont-Ferrand en direction de Mandelieu avec 18.000m de d\u00e9nivel\u00e9 positif au programme. Nicolas n&rsquo;ayant &hellip; Continuer la lecture de &laquo;&nbsp;2025-05-09 Gravelman Beaujolais 500 route 9 Mai 2025&nbsp;&raquo;","og_url":"https:\/\/bikexplore.brocld.fr\/?p=208","og_site_name":"BikeXplore","article_published_time":"2025-11-30T17:42:42+00:00","article_modified_time":"2025-11-30T17:42:44+00:00","og_image":[{"url":"https:\/\/blogger.googleusercontent.com\/img\/a\/AVvXsEgMbttq25IodNah6L2IhtSxw-MKKohkyoGRuLF3vBvEcW5kJXKPO9eDDYVrrllPZRflXH52f50QY7ktJkeFKGp3xu6i3cITBwRsg8--rRJxd-uROW-KZGJK0jZUsdV1m3VHOO1E0MRqFfWz7aSZ-_R-yKDThZr9LrdSDXZrmj8bfXCiHQGWUSGlMZWaxPsk=s16000","type":"","width":"","height":""}],"author":"admin","twitter_card":"summary_large_image","twitter_misc":{"\u00c9crit par":"admin","Dur\u00e9e de lecture estim\u00e9e":"19 minutes"},"schema":{"@context":"https:\/\/schema.org","@graph":[{"@type":"Article","@id":"https:\/\/bikexplore.brocld.fr\/?p=208#article","isPartOf":{"@id":"https:\/\/bikexplore.brocld.fr\/?p=208"},"author":{"name":"admin","@id":"https:\/\/bikexplore.brocld.fr\/#\/schema\/person\/53671223e701548643b903c211b1b0f8"},"headline":"2025-05-09 Gravelman Beaujolais 500 route 9 Mai 2025","datePublished":"2025-11-30T17:42:42+00:00","dateModified":"2025-11-30T17:42:44+00:00","mainEntityOfPage":{"@id":"https:\/\/bikexplore.brocld.fr\/?p=208"},"wordCount":2967,"commentCount":0,"publisher":{"@id":"https:\/\/bikexplore.brocld.fr\/#organization"},"image":{"@id":"https:\/\/bikexplore.brocld.fr\/?p=208#primaryimage"},"thumbnailUrl":"https:\/\/blogger.googleusercontent.com\/img\/a\/AVvXsEgMbttq25IodNah6L2IhtSxw-MKKohkyoGRuLF3vBvEcW5kJXKPO9eDDYVrrllPZRflXH52f50QY7ktJkeFKGp3xu6i3cITBwRsg8--rRJxd-uROW-KZGJK0jZUsdV1m3VHOO1E0MRqFfWz7aSZ-_R-yKDThZr9LrdSDXZrmj8bfXCiHQGWUSGlMZWaxPsk=s16000","articleSection":["Uncategorized"],"inLanguage":"fr-FR","potentialAction":[{"@type":"CommentAction","name":"Comment","target":["https:\/\/bikexplore.brocld.fr\/?p=208#respond"]}]},{"@type":"WebPage","@id":"https:\/\/bikexplore.brocld.fr\/?p=208","url":"https:\/\/bikexplore.brocld.fr\/?p=208","name":"2025-05-09 Gravelman Beaujolais 500 route 9 Mai 2025 - BikeXplore","isPartOf":{"@id":"https:\/\/bikexplore.brocld.fr\/#website"},"primaryImageOfPage":{"@id":"https:\/\/bikexplore.brocld.fr\/?p=208#primaryimage"},"image":{"@id":"https:\/\/bikexplore.brocld.fr\/?p=208#primaryimage"},"thumbnailUrl":"https:\/\/blogger.googleusercontent.com\/img\/a\/AVvXsEgMbttq25IodNah6L2IhtSxw-MKKohkyoGRuLF3vBvEcW5kJXKPO9eDDYVrrllPZRflXH52f50QY7ktJkeFKGp3xu6i3cITBwRsg8--rRJxd-uROW-KZGJK0jZUsdV1m3VHOO1E0MRqFfWz7aSZ-_R-yKDThZr9LrdSDXZrmj8bfXCiHQGWUSGlMZWaxPsk=s16000","datePublished":"2025-11-30T17:42:42+00:00","dateModified":"2025-11-30T17:42:44+00:00","breadcrumb":{"@id":"https:\/\/bikexplore.brocld.fr\/?p=208#breadcrumb"},"inLanguage":"fr-FR","potentialAction":[{"@type":"ReadAction","target":["https:\/\/bikexplore.brocld.fr\/?p=208"]}]},{"@type":"ImageObject","inLanguage":"fr-FR","@id":"https:\/\/bikexplore.brocld.fr\/?p=208#primaryimage","url":"https:\/\/blogger.googleusercontent.com\/img\/a\/AVvXsEgMbttq25IodNah6L2IhtSxw-MKKohkyoGRuLF3vBvEcW5kJXKPO9eDDYVrrllPZRflXH52f50QY7ktJkeFKGp3xu6i3cITBwRsg8--rRJxd-uROW-KZGJK0jZUsdV1m3VHOO1E0MRqFfWz7aSZ-_R-yKDThZr9LrdSDXZrmj8bfXCiHQGWUSGlMZWaxPsk=s16000","contentUrl":"https:\/\/blogger.googleusercontent.com\/img\/a\/AVvXsEgMbttq25IodNah6L2IhtSxw-MKKohkyoGRuLF3vBvEcW5kJXKPO9eDDYVrrllPZRflXH52f50QY7ktJkeFKGp3xu6i3cITBwRsg8--rRJxd-uROW-KZGJK0jZUsdV1m3VHOO1E0MRqFfWz7aSZ-_R-yKDThZr9LrdSDXZrmj8bfXCiHQGWUSGlMZWaxPsk=s16000"},{"@type":"BreadcrumbList","@id":"https:\/\/bikexplore.brocld.fr\/?p=208#breadcrumb","itemListElement":[{"@type":"ListItem","position":1,"name":"Accueil","item":"https:\/\/bikexplore.brocld.fr\/"},{"@type":"ListItem","position":2,"name":"2025-05-09 Gravelman Beaujolais 500 route 9 Mai 2025"}]},{"@type":"WebSite","@id":"https:\/\/bikexplore.brocld.fr\/#website","url":"https:\/\/bikexplore.brocld.fr\/","name":"BikeXplore","description":"Pour partager des aventures \u00e0 v\u00e9lo !","publisher":{"@id":"https:\/\/bikexplore.brocld.fr\/#organization"},"potentialAction":[{"@type":"SearchAction","target":{"@type":"EntryPoint","urlTemplate":"https:\/\/bikexplore.brocld.fr\/?s={search_term_string}"},"query-input":{"@type":"PropertyValueSpecification","valueRequired":true,"valueName":"search_term_string"}}],"inLanguage":"fr-FR"},{"@type":"Organization","@id":"https:\/\/bikexplore.brocld.fr\/#organization","name":"BikeXplore","url":"https:\/\/bikexplore.brocld.fr\/","logo":{"@type":"ImageObject","inLanguage":"fr-FR","@id":"https:\/\/bikexplore.brocld.fr\/#\/schema\/logo\/image\/","url":"https:\/\/bikexplore.brocld.fr\/wp-content\/uploads\/2025\/11\/cropped-bikexplore_logo2.webp","contentUrl":"https:\/\/bikexplore.brocld.fr\/wp-content\/uploads\/2025\/11\/cropped-bikexplore_logo2.webp","width":479,"height":214,"caption":"BikeXplore"},"image":{"@id":"https:\/\/bikexplore.brocld.fr\/#\/schema\/logo\/image\/"}},{"@type":"Person","@id":"https:\/\/bikexplore.brocld.fr\/#\/schema\/person\/53671223e701548643b903c211b1b0f8","name":"admin","image":{"@type":"ImageObject","inLanguage":"fr-FR","@id":"https:\/\/bikexplore.brocld.fr\/#\/schema\/person\/image\/","url":"https:\/\/secure.gravatar.com\/avatar\/88a73b3f8990278736f8051a3aebe8fac277bca0a47de716922f33a4f00168f4?s=96&d=mm&r=g","contentUrl":"https:\/\/secure.gravatar.com\/avatar\/88a73b3f8990278736f8051a3aebe8fac277bca0a47de716922f33a4f00168f4?s=96&d=mm&r=g","caption":"admin"},"sameAs":["https:\/\/testbike.brocld.fr"],"url":"https:\/\/bikexplore.brocld.fr\/?author=1"}]}},"jetpack_featured_media_url":"","_links":{"self":[{"href":"https:\/\/bikexplore.brocld.fr\/index.php?rest_route=\/wp\/v2\/posts\/208","targetHints":{"allow":["GET"]}}],"collection":[{"href":"https:\/\/bikexplore.brocld.fr\/index.php?rest_route=\/wp\/v2\/posts"}],"about":[{"href":"https:\/\/bikexplore.brocld.fr\/index.php?rest_route=\/wp\/v2\/types\/post"}],"author":[{"embeddable":true,"href":"https:\/\/bikexplore.brocld.fr\/index.php?rest_route=\/wp\/v2\/users\/1"}],"replies":[{"embeddable":true,"href":"https:\/\/bikexplore.brocld.fr\/index.php?rest_route=%2Fwp%2Fv2%2Fcomments&post=208"}],"version-history":[{"count":1,"href":"https:\/\/bikexplore.brocld.fr\/index.php?rest_route=\/wp\/v2\/posts\/208\/revisions"}],"predecessor-version":[{"id":209,"href":"https:\/\/bikexplore.brocld.fr\/index.php?rest_route=\/wp\/v2\/posts\/208\/revisions\/209"}],"wp:attachment":[{"href":"https:\/\/bikexplore.brocld.fr\/index.php?rest_route=%2Fwp%2Fv2%2Fmedia&parent=208"}],"wp:term":[{"taxonomy":"category","embeddable":true,"href":"https:\/\/bikexplore.brocld.fr\/index.php?rest_route=%2Fwp%2Fv2%2Fcategories&post=208"},{"taxonomy":"post_tag","embeddable":true,"href":"https:\/\/bikexplore.brocld.fr\/index.php?rest_route=%2Fwp%2Fv2%2Ftags&post=208"}],"curies":[{"name":"wp","href":"https:\/\/api.w.org\/{rel}","templated":true}]}}