{"id":141,"date":"2025-11-27T17:20:02","date_gmt":"2025-11-27T16:20:02","guid":{"rendered":"https:\/\/testbike.brocld.fr\/?p=141"},"modified":"2025-11-30T18:43:25","modified_gmt":"2025-11-30T17:43:25","slug":"la-gravel-fever-ultra-540-vendredi-26-09-2025","status":"publish","type":"post","link":"https:\/\/bikexplore.brocld.fr\/?p=141","title":{"rendered":"2025-09-26 La Gravel Fever Ultra 540 vendredi 26\/09\/2025"},"content":{"rendered":"\n<p><br>Troisi\u00e8me \u00e9dition de la Gravel Fever cette ann\u00e9e . L&rsquo;\u00e9venement prend de plus en plus d&rsquo;ampleur puisque les premiers championnats de France Gravel avaient lieu \u00e0 Chatellerault dans le cadre de cette manifestation le dimanche 27 septembre.&nbsp;<\/p>\n\n\n\n<p>De mon c\u00f4t\u00e9 , j&rsquo;\u00e9tais inscrit avec Yann, Richard et Benjamin \u00e0 la version ultra qui partait de Meudon comme en 2024 . Mais cette ann\u00e9e la distance \u00e9tait encore une fois rallong\u00e9e . Apr\u00e8s avoir fait 400 km la premi\u00e8re ann\u00e9e, 500 en 2024 , c&rsquo;est 540 km qui nous attendaient cette fois avec une boucle en plus dans les Alpes Mancelles apr\u00e8s le CP1.&nbsp;<\/p>\n\n\n\n<p>L&rsquo;ann\u00e9e derni\u00e8re , j&rsquo;\u00e9tais arriv\u00e9 un peu cass\u00e9 avec les secousses du parcours. C&rsquo;est d&rsquo;ailleurs le point qui me pose probl\u00e8me depuis que je me suis mis au gravel. La France n&rsquo;est pas les US , et chez nous les \u00e9preuves gravel empruntent souvent des sentiers VTT. Et j&rsquo;ai toujours regrett\u00e9 le confort du VTT compar\u00e9 \u00e0 un gravel tout rigide. Du coup , apr\u00e8s essay\u00e9 la potence suspendue de Vecnum , tr\u00e8s efficace mais loin d&rsquo;une fourche VTT , puis fait l&rsquo;ultra Gravel de la Babybel en VTT semi-rigide ( quel confort ! ) , je me d\u00e9cide \u00e0 monter sur mon \u00ab\u00a0Arme Fatale Gravel\u00a0\u00bb , une fourche suspendue Gravel Fox 32 TC.&nbsp;&nbsp;<\/p>\n\n\n\n<p>Les premiers tests sont plus que concluants : ce n&rsquo;est plus le m\u00eame v\u00e9lo. L&rsquo;efficacit\u00e9 en tout terrain est bien meilleure . Fini les vibrations, la roue reste en plus coll\u00e9e au sol et les mont\u00e9es caillouteuses sont bien plus faciles, le v\u00e9lo ne perdant plus de vitesse en buttant sur les gros cailloux.&nbsp;<\/p>\n\n\n\n<p>J&rsquo;ajoute mon montage de roues maison, et le v\u00e9lo n&rsquo;a jamais mieux m\u00e9rit\u00e9 son nom d&rsquo;arme fatale. Les conditions s&rsquo;annon\u00e7ant un peu humides , je monte des pneus Schwalbe RX Pro en 45. J&rsquo;ai aussi pass\u00e9 la transmission en mono plateau , avec un plateau de 36 devant et une cassette VTT 9-46 derri\u00e8re. Le mono-plateau facilite les changements de vitesse rapide en tout terrain. Le pignon de 9 dents me permet de conserver un d\u00e9veloppement adapt\u00e9 descente, pendant que le grand pignon de 46 me permettra de grimper les raidars de la for\u00eat de Chinon.&nbsp;<\/p>\n\n\n\n<p><a href=\"https:\/\/www.blogger.com\/u\/1\/blog\/post\/edit\/4033100494622481360\/1105981774951546779#\"><\/a><\/p>\n\n\n\n<figure class=\"wp-block-image\"><a href=\"https:\/\/www.blogger.com\/u\/1\/blog\/post\/edit\/4033100494622481360\/1105981774951546779#\"><img decoding=\"async\" src=\"https:\/\/blogger.googleusercontent.com\/img\/a\/AVvXsEiTLROkEOwTi5o4XVi5TwvcEpRgzUdKAu7k4PC0g54vveuj-pJKJIBz55GumOPqLhHBEcEXinEoSOGhwk4ytq1ZVqv-0dOrpRcOkc2SpzuXyjWCuKC4-nOXOmoIxlY9Sa5SU0CHidQbYxvmtzJMPHQGSjldZCYJACW5Uw6fyMzLfJmhh8NOswMNLBB24dDq=w640-h360\" alt=\"L'arme fatale Gravel en configuration ultra \"\/><\/a><\/figure>\n\n\n\n<p><a href=\"https:\/\/www.blogger.com\/u\/1\/blog\/post\/edit\/4033100494622481360\/1105981774951546779#\"><\/a><br>Vendredi 8h30, toute l&rsquo;\u00e9quipe est r\u00e9unie \u00e0 Meudon o\u00f9 l&rsquo;organisation nous offre comme en 2024 un caf\u00e9 \u00e0 la Loggia au pied de l&rsquo;observatoire de Meudon. Organisation toujours au top, c&rsquo;est la raison qui fait que je reviens chaque ann\u00e9e, Jean-Christophe Savignoni et son \u00e9quipe sont aux petits soins pour nous, et cela fait vraiment plaisir \ud83d\ude00.&nbsp;<\/p>\n\n\n\n<p>Signe que l&rsquo;\u00e9pruve devient tr\u00e8s connue, nous avons l&rsquo;honneur d&rsquo;accueillir le meilleur coureur ultra du moment , le jeune fran\u00e7ais Victor Bosoni qui a 23 ans vient de remporter la Trans Continental Race qui reliait cette ann\u00e9e Saint-Jacques de Compostelle \u00e0 la Roumanie. Autant dire qu&rsquo;on ne va pas le suivre longtemps !.&nbsp;<\/p>\n\n\n\n<p>Note aux lecteurs : j&rsquo;ai priv\u00e9gi\u00e9 ma camera embarqu\u00e9e cette ann\u00e9e , peu de photos donc , mais la vid\u00e9o est ici :&nbsp;<\/p>\n\n\n\n<figure class=\"wp-block-image\"><img decoding=\"async\" src=\"https:\/\/img1.blogblog.com\/img\/video_object.png\" alt=\"\"\/><\/figure>\n\n\n\n<p>Apr\u00e8s avoir r\u00e9cup\u00e9r\u00e9 dossard et balise GPS de suivi , JC nous fait un court briefing et nous voil\u00e0 partis.&nbsp;<\/p>\n\n\n\n<p>Richard a dit qu&rsquo;il roulerait doucement,&nbsp; donc il disparait rapidement devant \ud83d\ude02 . Je suis avec Yann et Benjamin. Pour Benjamin, c&rsquo;est sa plus longue \u00e9preuve qui s&rsquo;annonce avec l&rsquo;excitation et la pointe d&rsquo;inqui\u00e9tude qui va avec ,&nbsp; il est d\u00e9cid\u00e9 \u00e0 rouler \u00e0 son rythme.&nbsp;<\/p>\n\n\n\n<p>Les 150 premiers kms ne comportent pas de difficult\u00e9s notables.&nbsp; On roule dans un petit groupe quand il me semble entendre Yann crier derri\u00e8re. Effectivement, Yann et Benjamin ne sont plus l\u00e0. Je m&rsquo;arr\u00eate et je vois avec inqui\u00e9tude Yann pousser son v\u00e9lo. Ca sent le probl\u00e8me m\u00e9canique.&nbsp;<\/p>\n\n\n\n<p>Son pneu arri\u00e8re est \u00e0 plat et semble bien d\u00e9chir\u00e9 sur la bande de roulement. Gros coup de malchance, car le terrain n&rsquo;\u00e9tait pas agressif du tout. Sans doute un tesson cach\u00e9 sous les feuilles. On tente de mettre une m\u00e8che dans le pneu, et je suis plein d&rsquo;espoir quand on arrive \u00e0 regonfler. Mais au roulage , la m\u00e8che ne tient pas , la d\u00e9chirure est trop grande.&nbsp;<\/p>\n\n\n\n<p>Yann est d\u00e9pit\u00e9 et d\u00e9cide de trovuer un magasin de v\u00e9lo. Je sens qu&rsquo;il est proche de l&rsquo;abandon, on tente de l&rsquo;encourager comme on peu, tout comme les copains sur notre groupe WhatsApp.&nbsp;<\/p>\n\n\n\n<p>Bien d\u00e9pit\u00e9 pour lui, je continue avec Benjamin &#8230; qui cr\u00e8ve 5 km plus loin. Les Dieux ne sont pas avec nous ! Heureusement , cette fois , le trou n&rsquo;est pas trop gros et le produit pr\u00e9ventif arrive \u00e0 colmater.&nbsp;<\/p>\n\n\n\n<p>Nous voil\u00e0 repartis, bon derniers sur les 80 participants. Pas grave il reste 520 km \u00e0 faire, les \u00e9carts \u00e0 l&rsquo;arriv\u00e9e se compteront en heures et pas en minutes.&nbsp;<\/p>\n\n\n\n<p>Nous continuons avec Benjamin rattrapant quelques concurrents mais pas tant que \u00e7a malgr\u00e9 un bon rythme, ce qui m&rsquo;\u00e9tonne d&rsquo;ailleurs,&nbsp; je m&rsquo;attendais \u00e0 reprendre beaucoup plus de monde !&nbsp;<\/p>\n\n\n\n<p>Nous stoppns \u00e0 Tr\u00e9on pour d\u00e9jeuner avec quelques difficult\u00e9s \u00e0 trouver le Carrefour Contact que j&rsquo;avais rep\u00e9r\u00e9 \u00e0 l&rsquo;avance, la carte Google Maps \u00e9tant fausse \u00e0 cet endroit ( une premi\u00e8re ! ) . Il y a un coin pique nique dans le magasin, c&rsquo;est bien agr\u00e9able car il ne fait plus de 12 degr\u00e9s dehors et on se serait gel\u00e9s \u00e0 l&rsquo;arr\u00eat.&nbsp;<\/p>\n\n\n\n<p>Apr\u00e8s une pause de 40 minutes avec m\u00eame un caf\u00e9 chaud offert par Benjamin, nous voil\u00e0 repartis en direction du CP1 \u00e0 Bell\u00e8me.&nbsp; Je continue sur un bon rythme et Benjamin pr\u00e9f\u00e8re continuer \u00e0 son rythme , je le distance petit \u00e0 petit. Je rattrape du monde mais pas tant que \u00e7a , du moins jusqu&rsquo;au d\u00e9but du Perche o\u00f9 les premi\u00e8res vraies bosses arrivent et avec elles les concurrents en difficult\u00e9 qui ont trop pouss\u00e9 au d\u00e9part. Je commence enfin \u00e0 reprendre des places. Il semble que beaucoup sont partis tr\u00e8s fort cette ann\u00e9e mais commencent \u00e0 le payer. Sans doute un manque d&rsquo;exp\u00e9rience de la distance.&nbsp;<\/p>\n\n\n\n<p>CP1 atteint un peu avant 20h , \u00e0 peu pr\u00e8s en ligne avec mon tableau de marche . Accueil toujours aussi top , hamburgers , soupe , sandwichs , g\u00e2teaux , boissons , on a tout ce qu&rsquo;il faut , y compris une salle de repos pour ceux qui veulent dormir.&nbsp;<\/p>\n\n\n\n<figure class=\"wp-block-image\"><a href=\"https:\/\/www.blogger.com\/u\/1\/blog\/post\/edit\/4033100494622481360\/1105981774951546779#\"><img decoding=\"async\" src=\"https:\/\/blogger.googleusercontent.com\/img\/a\/AVvXsEhMiZe6H6HhAozP6qbPn-ZuYBySXZOYn217pqSKdfCA9NdC9Jkh8DkHbQAcJ-3C0c4s4V4hWLrMUAYQ5KZ_js8-kufRf4N_3TAJODTVZbqly21vh5gSJq6ybM19UHv9dWjbtfhZug-WN1f6KxT83CLrWxgfzgVk5yHm90_0KlDz8-OsBoy0j0p9K4cDDRvV=w640-h360\" alt=\"\"\/><\/a><\/figure>\n\n\n\n<figure class=\"wp-block-image\"><a href=\"https:\/\/www.blogger.com\/u\/1\/blog\/post\/edit\/4033100494622481360\/1105981774951546779#\"><img decoding=\"async\" src=\"https:\/\/blogger.googleusercontent.com\/img\/a\/AVvXsEjA7r2cQcwEJN-EeMhZP4KPJwIuwsoOCS9ZT5IRozDKvXi41t89iD2QuBnduDfVCl6X0YmO3x_Ssnx3AZJyUx5PXCyiTRwXe1snmy7J6P8xHXfsBag21nbwLi7hv722Reqn9eOtCDf1TpHpL_AzPv3lgueFmYqKPbcMNk0boVgNCy9oAM_85BBNAPibEpd6=w640-h360\" alt=\"\"\/><\/a><\/figure>\n\n\n\n<p>Richard est d\u00e9j\u00e0 reparti. Je profite de la nourriture chaude, il fait frais et humide dehors, \u00e7a fait du bien de manger chaud et toujours la d\u00e9licieuse soupe aux vermicelles qui chaque ann\u00e9e me redonne plein de forces \ud83d\ude00<\/p>\n\n\n\n<p>Benjamin arrive alors que je commence \u00e0 me pr\u00e9parter pour repartir. Il se restaure et pr\u00e9voit de dormir un peu en attendant Yann qui est reparti bon dernier apr\u00e8s 1h30 perdue \u00e0 changer le pneu chez un v\u00e9lociste \u00e0 Versailles.&nbsp;<\/p>\n\n\n\n<p>Cette ann\u00e9e, nous avons le droit \u00e0 un \u00ab\u00a0drop bag\u00a0\u00bb , un sac qui est d\u00e9pos\u00e9 au CP1 en plus de celui qui va \u00e0 Chatellerault. J&rsquo;y ai mis de quoi recharger les r\u00e9serves de barres et de gel ainsi qu&rsquo;un maillot thermique pour la nuit. Je me change avant de repartir et ce n&rsquo;est pas de trop vu le temps dehors. Mais la tenue fera parfaitement l&rsquo;affaire, contrairement \u00e0 2024 , je n&rsquo;aurai pas froid durant la nuit.&nbsp;<\/p>\n\n\n\n<p>Me voil\u00e0 donc reparti apr\u00e8s un peu moins d&rsquo;1h de pause. La partie entre le CP1 et le CP2 est la plus difficile , dans le Perche puis les Alpes Mancelles, avec de longues mont\u00e9es dont celle du Belv\u00e9d\u00e8re de Perseigne.&nbsp;<\/p>\n\n\n\n<p>La configuration du v\u00e9lo se rev\u00e8le id\u00e9ale, je ne butte pas sur les cailloux et les mont\u00e9es me semblent bien plus faciles qu&rsquo;en 2024. L&rsquo;entrainement de la RAF joue forc\u00e9ment aussi. Malheureusement, il fait nuit , donc une fois de plus , je ne vois que le panneau et pas la vue du Belv\u00e9d\u00e8re \ud83d\ude22&nbsp;<\/p>\n\n\n\n<figure class=\"wp-block-image\"><a href=\"https:\/\/www.blogger.com\/u\/1\/blog\/post\/edit\/4033100494622481360\/1105981774951546779#\"><img decoding=\"async\" src=\"https:\/\/blogger.googleusercontent.com\/img\/a\/AVvXsEiUbN0xpNNtFaUgpuCF_q-o7HKETXjkmIKFvpV9cPHO7BqjctcBSsFAP17GQoMHJv2aCcAGECoMgSQGdDqs8miSWZMoGV8qHszb4k9FIWZ1iQiRHWX4cCPOaLU48k9KlbGLj-6C5IqTJgA6KrTbLuRs2GuUvMcgPq8eOhqUfJp5LNWOo1gGYNzg-jzs-o0M=w640-h420\" alt=\"\"\/><\/a><\/figure>\n\n\n\n<p>Apr\u00e8s \u00eatre sortis de la for\u00eat de Perseigne, nous filons sur la nouvelle boucle dans les Alpes Mancelles. Je rattrape pas mal de monde, les jambes sont toujours op\u00e9rationnelles, depuis le d\u00e9part je. tiens le rythme que je commence \u00e0 maitriser et dont je sais que je peux le tenir et m\u00eame acc\u00e9l\u00e9rer jusqu&rsquo;\u00e0 la fin.&nbsp;<\/p>\n\n\n\n<p>Apr\u00e8s avoir d\u00e9pass\u00e9 quelques concurents erndormis sur la terrasse d&rsquo;une maison, me voil\u00e0 devant la Sarthe pour une des nouveaut\u00e9s de l&rsquo;ann\u00e9e : la travers\u00e9e en bac \u00e0 cha\u00eene. Dans la nuit, je ne vois pas le bac qui est sur l&rsquo;autre berge. Pendant quelques minutes, je cherche le chemin pensant \u00eatre devant un \u00e9tang \u00e0 contourner avant de voir la pancarte \u00ab\u00a0Bac le Passage\u00a0\u00bb . Un autre concurrent me rejoint et nous traversons ensembles. En fait ce n&rsquo;est pas du tout physique, il suffit de tirer la chaine et le bac avance sans gros effort.&nbsp;<\/p>\n\n\n\n<figure class=\"wp-block-image\"><a href=\"https:\/\/www.blogger.com\/u\/1\/blog\/post\/edit\/4033100494622481360\/1105981774951546779#\"><img decoding=\"async\" src=\"https:\/\/blogger.googleusercontent.com\/img\/a\/AVvXsEimZgoi5Sowp6ojBv7KgEDr6Y5ETAAoIifcsWiVjED82_lwC8nQL4RMhVZXvLSQxFb3Wxr-khWDDNZRwl3QUqAIYOJUU_D71tL6RRRpBnmPpV7nTXBg989fxxO6mCWLt_CXPsS-1Yb67IIoti_OS3waF7-D8ijWS5X63k6SBSFvTX3VXcbJwaVnLAMbQjiP=w640-h366\" alt=\"\"\/><\/a><\/figure>\n\n\n\n<p>Quelques minutes et une belle mont\u00e9e plus tard , nous arrivons \u00e0 Saint Leonard des Bois . J&rsquo;ai pr\u00e9vu de m&rsquo;y arr\u00eater quelques minutes pour remplir ma poche \u00e0 eau ( l&rsquo;eau est un sujet d\u00e9licat de nuit quand tout est ferm\u00e9 ) . Mais je d\u00e9couvre un distributeur automatique de nourriture et de boisson au premier rond point, j&rsquo;en profite pour un stop plus long qui fait office de petit d\u00e9jeuner.&nbsp;<\/p>\n\n\n\n<p>Puis full gaz&nbsp; en direction de la Bazoge km 320 o\u00f9 se situe le CP2 o\u00f9 je retrouve Richard . J&rsquo;ai retrouv\u00e9 3 autres concurrents et nous roulons ensemble , c&rsquo;est plus sympa que tout seul !&nbsp;<\/p>\n\n\n\n<figure class=\"wp-block-image\"><a href=\"https:\/\/www.blogger.com\/u\/1\/blog\/post\/edit\/4033100494622481360\/1105981774951546779#\"><img decoding=\"async\" src=\"https:\/\/blogger.googleusercontent.com\/img\/a\/AVvXsEg0j55IAS05LZjEZl-om367bAnI5ak56jeSiVlrgCsGMNjk4N081U5kg1Ur3NJdMgS03EzpzkPgpGJa4zaxsp5Rvv51lNsZAUK1FmHkrXiIEO2RtNUCw2Lc7DuWXsl1Bpg0Sfh0RMZ6QQbSO7uFcJP5dsGwFopHRyhBH8iA6bBnSrxKPKPp9IdPGBDFf4L2=w640-h360\" alt=\"\"\/><\/a><\/figure>\n\n\n\n<p>Pause relativement rapide ( trop sans doute ) au CP2 .&nbsp; J&rsquo;ai jet\u00e9 un oeil au suivi et j&rsquo;ai remont\u00e9 au moins 40 places dans la nuit , du coup me voil\u00e0 bien motiv\u00e9 ! Accueil encore une fois fantastique et impossible de manger tout ce qui est propos\u00e9.&nbsp; Je n&rsquo;ai pas sommeil donc je ne prends pas le temps d&rsquo;une petite sieste. Je repars \u00e0 l&rsquo;aube, pour la partie la plus facile du parcours, relativement plate jusqu&rsquo;\u00e0 Bourgueil. La travers\u00e9e du Mans est bien mieux qu&rsquo;en 2024 , on est tout le temps sur des voies vertes ou sur les berges. Sur les berges justement, sans doute la digestion, je commence \u00e0 avoir du mal \u00e0 garder les yeux ouverts. Au point que je finis par faire une courte sieste de 15 minutes sur un banc au bord de l&rsquo;eau.&nbsp;<\/p>\n\n\n\n<p>Incroyable \u00e0 quel point il suffit de quelques minutes pour se sentir bien mieux. Je redemarre en forme,&nbsp; alors que le soleil pointe enfin son nez apr\u00e8s une journ\u00e9e de vendredi dans la grisaille et l&rsquo;humidit\u00e9. Rapidement la temp\u00e9rature remonte et j&rsquo;enl\u00e8ve la veste gore tex.&nbsp;<\/p>\n\n\n\n<p>Nous filons sur de belles all\u00e9es roulantes, c&rsquo;est du vrai gravel sur cette partie tr\u00e8s agr\u00e9able \u00e0 rouler avec des paysages de vall\u00e9es et de collines dans les champs. Un concurrent me rattrape, il envoie du lourd . Je le suis 10 km , mais je suis \u00e0 200W , ce n&rsquo;est pas raisonnable , je le laisse filer. Puis les vignes artrivent \u00e0 l&rsquo;approche de Bourgueil.&nbsp;<\/p>\n\n\n\n<p>Je salue Richard et un autre concurrent attabl\u00e9s \u00e0 la patisserie \u00e0 Bourgueil o\u00f9 nous nous \u00e9tions arr\u00eat\u00e9s l&rsquo;ann\u00e9e derni\u00e8re. J&rsquo;ai envie de viande et de frites , direction un kebab rep\u00e9r\u00e9 sur Google Maps &#8230; que je ne trouverai jamais , d\u00e9cidemment ! . Je me rabats sur le Mc Do .&nbsp;<\/p>\n\n\n\n<p>Pause de 30 minutes, avant d&rsquo;attaquer les 95 derniers km que je sais plus difficiles , en particulier le passage dans la for\u00eat \u00e0 Chinon o\u00f9 c&rsquo;est technique et truff\u00e9 de raidars \u00e0 30% . Mais j&rsquo;ai le v\u00e9lo qu&rsquo;il faut !&nbsp;<\/p>\n\n\n\n<p>Mon \u00ab\u00a0AFG\u00a0\u00bb se joue des raidars tous grimp\u00e9s sur le v\u00e9lo en 36&#215;46 , r\u00e9putation de JP oblige \ud83d\ude00. Je reconnais qu&rsquo;il y en a un , sur des plaques de beton entre deux maisons,&nbsp; qui me demandera deux tentatives sous les yeux m\u00e9dus\u00e9s de promeneurs \ud83d\ude02 .&nbsp;<\/p>\n\n\n\n<p>L&rsquo;objectif est d&rsquo;arriver avant la nuit , et \u00e0 30 km de l&rsquo;arriv\u00e9e , une fois sorti de la zone difficle , j&rsquo;enl\u00e8ve le limiteur de puissance pour laisser le moteur s&rsquo;exprimer \u00e0 plein r\u00e9gime. Les jambes vont super bien , pour la premi\u00e8re fois , j&rsquo;utilise le blocage de la fourche pour monter les c\u00f4tes en puissance et en danseuse puis je d\u00e9vale les descentes caillouteuses \u00e0 pleine vitesse profitant de l&rsquo;amortissement remarquable de ma Fox : 4 cm de d\u00e9battement seulement mais on croirait avoir une fourche VTT.&nbsp;<\/p>\n\n\n\n<p>C&rsquo;est presque avec regret que je vois se profiler Chatelleraut. J&rsquo;ai pris tellement de plaisir \u00e0 rouler sur ce parcours ! . Dans la derni\u00e8re ligne droiet il me semble entendre mon mom . Richard ? Non, c&rsquo;est Eric et son \u00e9pouse en week-end \u00e0 Chatellerault et qui sont venus m&rsquo;accueillir . Trop sympa ! Merci \ud83d\ude0d .&nbsp;&nbsp;<\/p>\n\n\n\n<p>Arriv\u00e9e \u00e0 20h juste \u00e0 la tomb\u00e9e de la nuit.&nbsp; Objectif moins de 36h atteint en 34h pile , 40 minutes de moins qu&rsquo;en 2024 malgr\u00e9 les 33 km de plus. Je n&rsquo;ai pas roul\u00e9 plus vite mais beaucoup mieux g\u00e9r\u00e9 les temps d&rsquo;arr\u00eats ayant beaucoup appris lors des derniers Gravelman et de la RAF .&nbsp;<\/p>\n\n\n\n<figure class=\"wp-block-image\"><a href=\"https:\/\/www.blogger.com\/u\/1\/blog\/post\/edit\/4033100494622481360\/1105981774951546779#\"><img decoding=\"async\" src=\"https:\/\/blogger.googleusercontent.com\/img\/a\/AVvXsEhGUXmqoWnfaTNt0oLjbZgATfGyMTXLmwArhvj35twtj5htMmSxADaGTFuxL2yse7Xbz0O4PD830WKjCLqqlHtdbKl9Ad4hmWw7otG9xuMEv0tIvYr6qMujpBWjVg53OcPB2fSosO0tmb-BCMNeFvlW-Tc665G4lhnhh1nyTKN1IcJJkOZabvhiVdDOlJ0w=w225-h400\" alt=\"\"\/><\/a><\/figure>\n\n\n\n<figure class=\"wp-block-image\"><a href=\"https:\/\/www.blogger.com\/u\/1\/blog\/post\/edit\/4033100494622481360\/1105981774951546779#\"><img decoding=\"async\" src=\"https:\/\/blogger.googleusercontent.com\/img\/a\/AVvXsEjXU8gQuEjkwd-MGRnvpoHvBnKT3WtXcbYW5PQrGvUDPVwabPaTHVreb0ERNWIA7-WkglGbVHGssYm-d-QCONCGUEHr5ATOJRZK7DmNdQFEHX5dMOR81NVKXI3l6_oJZVgOAxQf2b-QP1OfZYdG5-V0cJGvKvZs8kLvjrgoL8l7r060L2BqDMGzW-skvz2n=w640-h360\" alt=\"\"\/><\/a><\/figure>\n\n\n\n<p>Un grand bravo une nouvelle fois \u00e0 Jean-Christophe et son \u00e9quipe , organisation vraiment parfaite et conviviale.&nbsp;<\/p>\n\n\n\n<p>Je m&rsquo;inqui\u00e9te (le mot est faible )&nbsp; pour Yann et Benjamin encore au CP2 au moment de mon arriv\u00e9e. Il faudrait rouler toute la nuit, deux nuits de suite. Ca semble tr\u00e8s compliqu\u00e9 !&nbsp; Mais il vont le faire ! Rouler toute la nuit pour arriver \u00e0 7h , dans les d\u00e9lais de 48h maxi . Et ce malgr\u00e9 la casse la roue libre de Yann \u00e0 16 km de l&rsquo;arriv\u00e9e, roue libre qui tiendra par miracle jusqu&rsquo;\u00e0 l&rsquo;arriv\u00e9e en laissant en permanence le v\u00e9lo en prise.&nbsp;<\/p>\n\n\n\n<p>Cela nous permettra de d\u00e9jeuner ensembles le lendemain sur le salon de la Gravel Fever et d&rsquo;assister \u00e0 l&rsquo;arriv\u00e9e des premiers championnats de France de Gravel , remport\u00e9s au sprint par Hugo Drechou devant Romain Bardet pendant que Richard est sur la route , \u00e0 v\u00e9lo, pour prendre un train \u00e0 Tours ( il est fou cet homme ! )&nbsp;<\/p>\n\n\n\n<p>Les 3 derniers arrivants de l&rsquo;ultra 540 franchiront la ligne entre 15h et 16h , hors d\u00e9lais pour \u00eatre class\u00e9s mais l&rsquo;organisation leur r\u00e9serve l&#8217;emouvante surprise de les faire monter sur le podium des championnats de France devant les centaines de spectateurs r\u00e9unis pour l&rsquo;occasion. J&rsquo;ai trouv\u00e9 ce moment g\u00e9nial, d\u00e9cidemment l&rsquo;\u00e9tat d&rsquo;esprit sur la Gravel Fever est vraiment fantastique.&nbsp;<\/p>\n\n\n\n<figure class=\"wp-block-image\"><a href=\"https:\/\/www.blogger.com\/u\/1\/blog\/post\/edit\/4033100494622481360\/1105981774951546779#\"><img decoding=\"async\" src=\"https:\/\/blogger.googleusercontent.com\/img\/a\/AVvXsEi_9IS8Rqusa8_lbBm8byJvi3gb6kLCJ_NKGyoKhM3YJQy7bWmPPBuGK2PPSCDxj5nIBU8UsHBqV5DBDlsrJncUMptvEO2Flrlm8pCmK5vBg0RN9VHkXWYMsNIHSEkxblt1yJ_nJBzDE08i0qhA_NWwYb4Kl8CQtsW1k9M8rdNzvxwY0A2zy6MOM_QTekOc=w640-h360\" alt=\"\"\/><\/a><\/figure>\n","protected":false},"excerpt":{"rendered":"<p>Vendredi 8h30, toute l&rsquo;\u00e9quipe est r\u00e9unie \u00e0 Meudon o\u00f9 l&rsquo;organisation nous offre comme en 2024 un caf\u00e9 \u00e0 la Loggia au pied de l&rsquo;observatoire de Meudon. Organisation toujours au top, <\/p>\n","protected":false},"author":1,"featured_media":0,"comment_status":"open","ping_status":"closed","sticky":false,"template":"","format":"standard","meta":{"footnotes":""},"categories":[10],"tags":[],"class_list":["post-141","post","type-post","status-publish","format-standard","hentry","category-course-ultra"],"yoast_head":"<!-- This site is optimized with the Yoast SEO plugin v26.5 - https:\/\/yoast.com\/wordpress\/plugins\/seo\/ -->\n<title>2025-09-26 La Gravel Fever Ultra 540 vendredi 26\/09\/2025 - BikeXplore<\/title>\n<meta name=\"robots\" content=\"index, follow, max-snippet:-1, max-image-preview:large, max-video-preview:-1\" \/>\n<link rel=\"canonical\" href=\"https:\/\/bikexplore.brocld.fr\/?p=141\" \/>\n<meta property=\"og:locale\" content=\"fr_FR\" \/>\n<meta property=\"og:type\" content=\"article\" \/>\n<meta property=\"og:title\" content=\"2025-09-26 La Gravel Fever Ultra 540 vendredi 26\/09\/2025 - BikeXplore\" \/>\n<meta property=\"og:description\" content=\"Vendredi 8h30, toute l&#039;\u00e9quipe est r\u00e9unie \u00e0 Meudon o\u00f9 l&#039;organisation nous offre comme en 2024 un caf\u00e9 \u00e0 la Loggia au pied de l&#039;observatoire de Meudon. Organisation toujours au top,\" \/>\n<meta property=\"og:url\" content=\"https:\/\/bikexplore.brocld.fr\/?p=141\" \/>\n<meta property=\"og:site_name\" content=\"BikeXplore\" \/>\n<meta property=\"article:published_time\" content=\"2025-11-27T16:20:02+00:00\" \/>\n<meta property=\"article:modified_time\" content=\"2025-11-30T17:43:25+00:00\" \/>\n<meta property=\"og:image\" content=\"https:\/\/blogger.googleusercontent.com\/img\/a\/AVvXsEiTLROkEOwTi5o4XVi5TwvcEpRgzUdKAu7k4PC0g54vveuj-pJKJIBz55GumOPqLhHBEcEXinEoSOGhwk4ytq1ZVqv-0dOrpRcOkc2SpzuXyjWCuKC4-nOXOmoIxlY9Sa5SU0CHidQbYxvmtzJMPHQGSjldZCYJACW5Uw6fyMzLfJmhh8NOswMNLBB24dDq=w640-h360\" \/>\n<meta name=\"author\" content=\"admin\" \/>\n<meta name=\"twitter:card\" content=\"summary_large_image\" \/>\n<meta name=\"twitter:label1\" content=\"\u00c9crit par\" \/>\n\t<meta name=\"twitter:data1\" content=\"admin\" \/>\n\t<meta name=\"twitter:label2\" content=\"Dur\u00e9e de lecture estim\u00e9e\" \/>\n\t<meta name=\"twitter:data2\" content=\"14 minutes\" \/>\n<script type=\"application\/ld+json\" class=\"yoast-schema-graph\">{\"@context\":\"https:\/\/schema.org\",\"@graph\":[{\"@type\":\"Article\",\"@id\":\"https:\/\/bikexplore.brocld.fr\/?p=141#article\",\"isPartOf\":{\"@id\":\"https:\/\/bikexplore.brocld.fr\/?p=141\"},\"author\":{\"name\":\"admin\",\"@id\":\"https:\/\/bikexplore.brocld.fr\/#\/schema\/person\/53671223e701548643b903c211b1b0f8\"},\"headline\":\"2025-09-26 La Gravel Fever Ultra 540 vendredi 26\/09\/2025\",\"datePublished\":\"2025-11-27T16:20:02+00:00\",\"dateModified\":\"2025-11-30T17:43:25+00:00\",\"mainEntityOfPage\":{\"@id\":\"https:\/\/bikexplore.brocld.fr\/?p=141\"},\"wordCount\":2401,\"commentCount\":0,\"publisher\":{\"@id\":\"https:\/\/bikexplore.brocld.fr\/#organization\"},\"image\":{\"@id\":\"https:\/\/bikexplore.brocld.fr\/?p=141#primaryimage\"},\"thumbnailUrl\":\"https:\/\/blogger.googleusercontent.com\/img\/a\/AVvXsEiTLROkEOwTi5o4XVi5TwvcEpRgzUdKAu7k4PC0g54vveuj-pJKJIBz55GumOPqLhHBEcEXinEoSOGhwk4ytq1ZVqv-0dOrpRcOkc2SpzuXyjWCuKC4-nOXOmoIxlY9Sa5SU0CHidQbYxvmtzJMPHQGSjldZCYJACW5Uw6fyMzLfJmhh8NOswMNLBB24dDq=w640-h360\",\"articleSection\":[\"Course ultra\"],\"inLanguage\":\"fr-FR\",\"potentialAction\":[{\"@type\":\"CommentAction\",\"name\":\"Comment\",\"target\":[\"https:\/\/bikexplore.brocld.fr\/?p=141#respond\"]}]},{\"@type\":\"WebPage\",\"@id\":\"https:\/\/bikexplore.brocld.fr\/?p=141\",\"url\":\"https:\/\/bikexplore.brocld.fr\/?p=141\",\"name\":\"2025-09-26 La Gravel Fever Ultra 540 vendredi 26\/09\/2025 - BikeXplore\",\"isPartOf\":{\"@id\":\"https:\/\/bikexplore.brocld.fr\/#website\"},\"primaryImageOfPage\":{\"@id\":\"https:\/\/bikexplore.brocld.fr\/?p=141#primaryimage\"},\"image\":{\"@id\":\"https:\/\/bikexplore.brocld.fr\/?p=141#primaryimage\"},\"thumbnailUrl\":\"https:\/\/blogger.googleusercontent.com\/img\/a\/AVvXsEiTLROkEOwTi5o4XVi5TwvcEpRgzUdKAu7k4PC0g54vveuj-pJKJIBz55GumOPqLhHBEcEXinEoSOGhwk4ytq1ZVqv-0dOrpRcOkc2SpzuXyjWCuKC4-nOXOmoIxlY9Sa5SU0CHidQbYxvmtzJMPHQGSjldZCYJACW5Uw6fyMzLfJmhh8NOswMNLBB24dDq=w640-h360\",\"datePublished\":\"2025-11-27T16:20:02+00:00\",\"dateModified\":\"2025-11-30T17:43:25+00:00\",\"breadcrumb\":{\"@id\":\"https:\/\/bikexplore.brocld.fr\/?p=141#breadcrumb\"},\"inLanguage\":\"fr-FR\",\"potentialAction\":[{\"@type\":\"ReadAction\",\"target\":[\"https:\/\/bikexplore.brocld.fr\/?p=141\"]}]},{\"@type\":\"ImageObject\",\"inLanguage\":\"fr-FR\",\"@id\":\"https:\/\/bikexplore.brocld.fr\/?p=141#primaryimage\",\"url\":\"https:\/\/blogger.googleusercontent.com\/img\/a\/AVvXsEiTLROkEOwTi5o4XVi5TwvcEpRgzUdKAu7k4PC0g54vveuj-pJKJIBz55GumOPqLhHBEcEXinEoSOGhwk4ytq1ZVqv-0dOrpRcOkc2SpzuXyjWCuKC4-nOXOmoIxlY9Sa5SU0CHidQbYxvmtzJMPHQGSjldZCYJACW5Uw6fyMzLfJmhh8NOswMNLBB24dDq=w640-h360\",\"contentUrl\":\"https:\/\/blogger.googleusercontent.com\/img\/a\/AVvXsEiTLROkEOwTi5o4XVi5TwvcEpRgzUdKAu7k4PC0g54vveuj-pJKJIBz55GumOPqLhHBEcEXinEoSOGhwk4ytq1ZVqv-0dOrpRcOkc2SpzuXyjWCuKC4-nOXOmoIxlY9Sa5SU0CHidQbYxvmtzJMPHQGSjldZCYJACW5Uw6fyMzLfJmhh8NOswMNLBB24dDq=w640-h360\"},{\"@type\":\"BreadcrumbList\",\"@id\":\"https:\/\/bikexplore.brocld.fr\/?p=141#breadcrumb\",\"itemListElement\":[{\"@type\":\"ListItem\",\"position\":1,\"name\":\"Accueil\",\"item\":\"https:\/\/bikexplore.brocld.fr\/\"},{\"@type\":\"ListItem\",\"position\":2,\"name\":\"2025-09-26 La Gravel Fever Ultra 540 vendredi 26\/09\/2025\"}]},{\"@type\":\"WebSite\",\"@id\":\"https:\/\/bikexplore.brocld.fr\/#website\",\"url\":\"https:\/\/bikexplore.brocld.fr\/\",\"name\":\"BikeXplore\",\"description\":\"Pour partager des aventures \u00e0 v\u00e9lo !\",\"publisher\":{\"@id\":\"https:\/\/bikexplore.brocld.fr\/#organization\"},\"potentialAction\":[{\"@type\":\"SearchAction\",\"target\":{\"@type\":\"EntryPoint\",\"urlTemplate\":\"https:\/\/bikexplore.brocld.fr\/?s={search_term_string}\"},\"query-input\":{\"@type\":\"PropertyValueSpecification\",\"valueRequired\":true,\"valueName\":\"search_term_string\"}}],\"inLanguage\":\"fr-FR\"},{\"@type\":\"Organization\",\"@id\":\"https:\/\/bikexplore.brocld.fr\/#organization\",\"name\":\"BikeXplore\",\"url\":\"https:\/\/bikexplore.brocld.fr\/\",\"logo\":{\"@type\":\"ImageObject\",\"inLanguage\":\"fr-FR\",\"@id\":\"https:\/\/bikexplore.brocld.fr\/#\/schema\/logo\/image\/\",\"url\":\"https:\/\/bikexplore.brocld.fr\/wp-content\/uploads\/2025\/11\/cropped-bikexplore_logo2.webp\",\"contentUrl\":\"https:\/\/bikexplore.brocld.fr\/wp-content\/uploads\/2025\/11\/cropped-bikexplore_logo2.webp\",\"width\":479,\"height\":214,\"caption\":\"BikeXplore\"},\"image\":{\"@id\":\"https:\/\/bikexplore.brocld.fr\/#\/schema\/logo\/image\/\"}},{\"@type\":\"Person\",\"@id\":\"https:\/\/bikexplore.brocld.fr\/#\/schema\/person\/53671223e701548643b903c211b1b0f8\",\"name\":\"admin\",\"image\":{\"@type\":\"ImageObject\",\"inLanguage\":\"fr-FR\",\"@id\":\"https:\/\/bikexplore.brocld.fr\/#\/schema\/person\/image\/\",\"url\":\"https:\/\/secure.gravatar.com\/avatar\/88a73b3f8990278736f8051a3aebe8fac277bca0a47de716922f33a4f00168f4?s=96&d=mm&r=g\",\"contentUrl\":\"https:\/\/secure.gravatar.com\/avatar\/88a73b3f8990278736f8051a3aebe8fac277bca0a47de716922f33a4f00168f4?s=96&d=mm&r=g\",\"caption\":\"admin\"},\"sameAs\":[\"https:\/\/testbike.brocld.fr\"],\"url\":\"https:\/\/bikexplore.brocld.fr\/?author=1\"}]}<\/script>\n<!-- \/ Yoast SEO plugin. -->","yoast_head_json":{"title":"2025-09-26 La Gravel Fever Ultra 540 vendredi 26\/09\/2025 - BikeXplore","robots":{"index":"index","follow":"follow","max-snippet":"max-snippet:-1","max-image-preview":"max-image-preview:large","max-video-preview":"max-video-preview:-1"},"canonical":"https:\/\/bikexplore.brocld.fr\/?p=141","og_locale":"fr_FR","og_type":"article","og_title":"2025-09-26 La Gravel Fever Ultra 540 vendredi 26\/09\/2025 - BikeXplore","og_description":"Vendredi 8h30, toute l'\u00e9quipe est r\u00e9unie \u00e0 Meudon o\u00f9 l'organisation nous offre comme en 2024 un caf\u00e9 \u00e0 la Loggia au pied de l'observatoire de Meudon. Organisation toujours au top,","og_url":"https:\/\/bikexplore.brocld.fr\/?p=141","og_site_name":"BikeXplore","article_published_time":"2025-11-27T16:20:02+00:00","article_modified_time":"2025-11-30T17:43:25+00:00","og_image":[{"url":"https:\/\/blogger.googleusercontent.com\/img\/a\/AVvXsEiTLROkEOwTi5o4XVi5TwvcEpRgzUdKAu7k4PC0g54vveuj-pJKJIBz55GumOPqLhHBEcEXinEoSOGhwk4ytq1ZVqv-0dOrpRcOkc2SpzuXyjWCuKC4-nOXOmoIxlY9Sa5SU0CHidQbYxvmtzJMPHQGSjldZCYJACW5Uw6fyMzLfJmhh8NOswMNLBB24dDq=w640-h360","type":"","width":"","height":""}],"author":"admin","twitter_card":"summary_large_image","twitter_misc":{"\u00c9crit par":"admin","Dur\u00e9e de lecture estim\u00e9e":"14 minutes"},"schema":{"@context":"https:\/\/schema.org","@graph":[{"@type":"Article","@id":"https:\/\/bikexplore.brocld.fr\/?p=141#article","isPartOf":{"@id":"https:\/\/bikexplore.brocld.fr\/?p=141"},"author":{"name":"admin","@id":"https:\/\/bikexplore.brocld.fr\/#\/schema\/person\/53671223e701548643b903c211b1b0f8"},"headline":"2025-09-26 La Gravel Fever Ultra 540 vendredi 26\/09\/2025","datePublished":"2025-11-27T16:20:02+00:00","dateModified":"2025-11-30T17:43:25+00:00","mainEntityOfPage":{"@id":"https:\/\/bikexplore.brocld.fr\/?p=141"},"wordCount":2401,"commentCount":0,"publisher":{"@id":"https:\/\/bikexplore.brocld.fr\/#organization"},"image":{"@id":"https:\/\/bikexplore.brocld.fr\/?p=141#primaryimage"},"thumbnailUrl":"https:\/\/blogger.googleusercontent.com\/img\/a\/AVvXsEiTLROkEOwTi5o4XVi5TwvcEpRgzUdKAu7k4PC0g54vveuj-pJKJIBz55GumOPqLhHBEcEXinEoSOGhwk4ytq1ZVqv-0dOrpRcOkc2SpzuXyjWCuKC4-nOXOmoIxlY9Sa5SU0CHidQbYxvmtzJMPHQGSjldZCYJACW5Uw6fyMzLfJmhh8NOswMNLBB24dDq=w640-h360","articleSection":["Course ultra"],"inLanguage":"fr-FR","potentialAction":[{"@type":"CommentAction","name":"Comment","target":["https:\/\/bikexplore.brocld.fr\/?p=141#respond"]}]},{"@type":"WebPage","@id":"https:\/\/bikexplore.brocld.fr\/?p=141","url":"https:\/\/bikexplore.brocld.fr\/?p=141","name":"2025-09-26 La Gravel Fever Ultra 540 vendredi 26\/09\/2025 - BikeXplore","isPartOf":{"@id":"https:\/\/bikexplore.brocld.fr\/#website"},"primaryImageOfPage":{"@id":"https:\/\/bikexplore.brocld.fr\/?p=141#primaryimage"},"image":{"@id":"https:\/\/bikexplore.brocld.fr\/?p=141#primaryimage"},"thumbnailUrl":"https:\/\/blogger.googleusercontent.com\/img\/a\/AVvXsEiTLROkEOwTi5o4XVi5TwvcEpRgzUdKAu7k4PC0g54vveuj-pJKJIBz55GumOPqLhHBEcEXinEoSOGhwk4ytq1ZVqv-0dOrpRcOkc2SpzuXyjWCuKC4-nOXOmoIxlY9Sa5SU0CHidQbYxvmtzJMPHQGSjldZCYJACW5Uw6fyMzLfJmhh8NOswMNLBB24dDq=w640-h360","datePublished":"2025-11-27T16:20:02+00:00","dateModified":"2025-11-30T17:43:25+00:00","breadcrumb":{"@id":"https:\/\/bikexplore.brocld.fr\/?p=141#breadcrumb"},"inLanguage":"fr-FR","potentialAction":[{"@type":"ReadAction","target":["https:\/\/bikexplore.brocld.fr\/?p=141"]}]},{"@type":"ImageObject","inLanguage":"fr-FR","@id":"https:\/\/bikexplore.brocld.fr\/?p=141#primaryimage","url":"https:\/\/blogger.googleusercontent.com\/img\/a\/AVvXsEiTLROkEOwTi5o4XVi5TwvcEpRgzUdKAu7k4PC0g54vveuj-pJKJIBz55GumOPqLhHBEcEXinEoSOGhwk4ytq1ZVqv-0dOrpRcOkc2SpzuXyjWCuKC4-nOXOmoIxlY9Sa5SU0CHidQbYxvmtzJMPHQGSjldZCYJACW5Uw6fyMzLfJmhh8NOswMNLBB24dDq=w640-h360","contentUrl":"https:\/\/blogger.googleusercontent.com\/img\/a\/AVvXsEiTLROkEOwTi5o4XVi5TwvcEpRgzUdKAu7k4PC0g54vveuj-pJKJIBz55GumOPqLhHBEcEXinEoSOGhwk4ytq1ZVqv-0dOrpRcOkc2SpzuXyjWCuKC4-nOXOmoIxlY9Sa5SU0CHidQbYxvmtzJMPHQGSjldZCYJACW5Uw6fyMzLfJmhh8NOswMNLBB24dDq=w640-h360"},{"@type":"BreadcrumbList","@id":"https:\/\/bikexplore.brocld.fr\/?p=141#breadcrumb","itemListElement":[{"@type":"ListItem","position":1,"name":"Accueil","item":"https:\/\/bikexplore.brocld.fr\/"},{"@type":"ListItem","position":2,"name":"2025-09-26 La Gravel Fever Ultra 540 vendredi 26\/09\/2025"}]},{"@type":"WebSite","@id":"https:\/\/bikexplore.brocld.fr\/#website","url":"https:\/\/bikexplore.brocld.fr\/","name":"BikeXplore","description":"Pour partager des aventures \u00e0 v\u00e9lo !","publisher":{"@id":"https:\/\/bikexplore.brocld.fr\/#organization"},"potentialAction":[{"@type":"SearchAction","target":{"@type":"EntryPoint","urlTemplate":"https:\/\/bikexplore.brocld.fr\/?s={search_term_string}"},"query-input":{"@type":"PropertyValueSpecification","valueRequired":true,"valueName":"search_term_string"}}],"inLanguage":"fr-FR"},{"@type":"Organization","@id":"https:\/\/bikexplore.brocld.fr\/#organization","name":"BikeXplore","url":"https:\/\/bikexplore.brocld.fr\/","logo":{"@type":"ImageObject","inLanguage":"fr-FR","@id":"https:\/\/bikexplore.brocld.fr\/#\/schema\/logo\/image\/","url":"https:\/\/bikexplore.brocld.fr\/wp-content\/uploads\/2025\/11\/cropped-bikexplore_logo2.webp","contentUrl":"https:\/\/bikexplore.brocld.fr\/wp-content\/uploads\/2025\/11\/cropped-bikexplore_logo2.webp","width":479,"height":214,"caption":"BikeXplore"},"image":{"@id":"https:\/\/bikexplore.brocld.fr\/#\/schema\/logo\/image\/"}},{"@type":"Person","@id":"https:\/\/bikexplore.brocld.fr\/#\/schema\/person\/53671223e701548643b903c211b1b0f8","name":"admin","image":{"@type":"ImageObject","inLanguage":"fr-FR","@id":"https:\/\/bikexplore.brocld.fr\/#\/schema\/person\/image\/","url":"https:\/\/secure.gravatar.com\/avatar\/88a73b3f8990278736f8051a3aebe8fac277bca0a47de716922f33a4f00168f4?s=96&d=mm&r=g","contentUrl":"https:\/\/secure.gravatar.com\/avatar\/88a73b3f8990278736f8051a3aebe8fac277bca0a47de716922f33a4f00168f4?s=96&d=mm&r=g","caption":"admin"},"sameAs":["https:\/\/testbike.brocld.fr"],"url":"https:\/\/bikexplore.brocld.fr\/?author=1"}]}},"jetpack_featured_media_url":"","_links":{"self":[{"href":"https:\/\/bikexplore.brocld.fr\/index.php?rest_route=\/wp\/v2\/posts\/141","targetHints":{"allow":["GET"]}}],"collection":[{"href":"https:\/\/bikexplore.brocld.fr\/index.php?rest_route=\/wp\/v2\/posts"}],"about":[{"href":"https:\/\/bikexplore.brocld.fr\/index.php?rest_route=\/wp\/v2\/types\/post"}],"author":[{"embeddable":true,"href":"https:\/\/bikexplore.brocld.fr\/index.php?rest_route=\/wp\/v2\/users\/1"}],"replies":[{"embeddable":true,"href":"https:\/\/bikexplore.brocld.fr\/index.php?rest_route=%2Fwp%2Fv2%2Fcomments&post=141"}],"version-history":[{"count":3,"href":"https:\/\/bikexplore.brocld.fr\/index.php?rest_route=\/wp\/v2\/posts\/141\/revisions"}],"predecessor-version":[{"id":210,"href":"https:\/\/bikexplore.brocld.fr\/index.php?rest_route=\/wp\/v2\/posts\/141\/revisions\/210"}],"wp:attachment":[{"href":"https:\/\/bikexplore.brocld.fr\/index.php?rest_route=%2Fwp%2Fv2%2Fmedia&parent=141"}],"wp:term":[{"taxonomy":"category","embeddable":true,"href":"https:\/\/bikexplore.brocld.fr\/index.php?rest_route=%2Fwp%2Fv2%2Fcategories&post=141"},{"taxonomy":"post_tag","embeddable":true,"href":"https:\/\/bikexplore.brocld.fr\/index.php?rest_route=%2Fwp%2Fv2%2Ftags&post=141"}],"curies":[{"name":"wp","href":"https:\/\/api.w.org\/{rel}","templated":true}]}}