{"id":1,"date":"2025-11-26T07:53:47","date_gmt":"2025-11-26T07:53:47","guid":{"rendered":"https:\/\/testbike.brocld.fr\/?p=1"},"modified":"2025-11-30T18:46:48","modified_gmt":"2025-11-30T17:46:48","slug":"hello-world","status":"publish","type":"post","link":"https:\/\/bikexplore.brocld.fr\/?p=1","title":{"rendered":"2025-06-16 Race Across France 2025 1000km , 16 Juin 2025"},"content":{"rendered":"\n<p>Jusqu&rsquo;\u00e0 2014 , j&rsquo;ai \u00e9t\u00e9 un pur v\u00e9t\u00e9tiste, repoussant toute id\u00e9e de rouler sur la route , le cot\u00e9 obscur de la Force Cycliste. Mais l&rsquo;influence irr\u00e9m\u00e9diable de l&rsquo;ami Franck et toute sa troupe a fini par me tenter d&rsquo;essayer en 2014 , d&rsquo;y prendre go\u00fbt et d&rsquo;allonger progressivement les distances. Comme nous \u00e9tions toujours \u00e0 l&rsquo;aff\u00fbt des nouveaux raids VTT avec ma bande de copains , j&rsquo;avais entendu parler d\u00e8s 2016 de la French Divide , l&rsquo;\u00e9preuve ultra VTT de plus de 2000km qui traverse la France en diagonale.&nbsp;<\/p>\n\n\n\n<p>Une telle \u00e9preuve me faisait r\u00e9ver tout en me n&rsquo;imaginant pas comment il \u00e9tait possible physiquement de r\u00e9aliser un tel effort. A l&rsquo;\u00e9poque, ces \u00e9preuves longues distance venues, comme souvent (toujours?) , des Etats Unis se comptaient sur les doigts de la main dans le monde entier. Avec l&rsquo;apparition d&rsquo;une nouvelle discipline : le bikepacking.&nbsp; Notre ami David Schuster se lance d&rsquo;ailleurs dans l&rsquo;aventure et termine 2\u00e8me en 2019 de la French Divide. Performance incroyable mais David est un extraterrestre. Son compte-rendu me donne encore plus envie tout en me faisant peur ( dormir dans des toilettes publiques , bof , bof , bof me dis-je &#8230; ) . Certes David est bien plus rapide &#8211; et jeune &#8211; que moi, mais le fait qu&rsquo;il soit capable de cette performance me fait penser que ce n&rsquo;est pas inaccessible, sans objectif de classement, mais en \u00e9tant suffisamment rapide pour arriver largement dans les d\u00e9lais.&nbsp;<\/p>\n\n\n\n<p>Et petit \u00e0 petit , les \u00e9preuves se multiplient , y compris sur route , avec la Race Across France qui se cr\u00e9e en 2018 , \u00e0 l&rsquo;initiative de Arnaud Manzanini , deux fois finisher de la Race Across America. 42 participants pour cette premi\u00e8re \u00e9dition , mais le nombre de concurrents va vite s&rsquo;envoler , nous \u00e9tions 1300 cette ann\u00e9e !&nbsp;<\/p>\n\n\n\n<p>Avec les copains du SLC VTT , on se lance dans le gravel et le bikepacking, avec quelques beaux voyages \u00e0 v\u00e9lo. Premier apprentissage de la longue distance mais avec des \u00e9tapes limit\u00e9es \u00e0 200km. Les \u00e9preuves se multipliant, on participe a de belles manifestations telles que la Gravel of Legend, Gravel Fever, avec des distances entre 300 et 400km.&nbsp;<\/p>\n\n\n\n<p>Je me rends compte que dans cette discipline, le c\u00e9l\u00e8bre dicton \u00ab\u00a0rien ne sert de courir il faut partir \u00e0 point\u00a0\u00bb est plus vrai que jamais&nbsp; : les plus rapides au d\u00e9part ne sont pas forc\u00e9ment les premiers \u00e0 l&rsquo;arriv\u00e9e. L&rsquo;important est de garder un rythme r\u00e9gulier. Sur une Gravel of Legend que je fais en solo, je me fais doubler au bout de 20 km par 5 jeunes qui me tapent sur l&rsquo;\u00e9paule &lsquo;courage Papy&rsquo;. Ils passent trop vite pour que je puisse les \u00e9trangler. Mais quel bonheur dix heures plus tard de les rattraper dans une c\u00f4te et de leur dire \u00ab\u00a0courage les jeunes\u00a0\u00bb \ud83d\ude00 .&nbsp;<\/p>\n\n\n\n<p>Du gravel , je passe \u00e0 la route en r\u00e9alisant plusieurs Gravelman ( en version route ) , en solo o\u00f9 avec les copains. Jusqu&rsquo;\u00e0 500km , je sais maintenant comment faire. Depuis sa cr\u00e9ation, l&rsquo;objectif de participer \u00e0 la Race Across France en version 1000km me trottre dans la t\u00eate mais plus que la distance , le denivel\u00e9 autour de 20.000m me semble effrayant, incroybale, surhumain . Comment peut-on avaler une telle dose de D+ sans repos ?&nbsp;<\/p>\n\n\n\n<p>Ev\u00e9nement d\u00e9cisif , fin 2024 , apr\u00e8s 35 ans de carri\u00e8re je d\u00e9cide de quitter PSA devenu Stellantis mais qui ne ressemble plus du tout \u00e0 l&rsquo;entreprise que j&rsquo;ai connu suite \u00e0 la fusion avec FCA. Cela me laisse plus de temps pour m&rsquo;entra\u00eener. C&rsquo;est l&rsquo;ann\u00e9e ou jamais pour r\u00e9aliser un r\u00eave et boucler la Race Across France. En plus l&rsquo;ann\u00e9e de mes 60 ans. On ne vit qu&rsquo;une fois ! Je m&rsquo;inscris donc rapidement \u00e0 l&rsquo;ouverture des inscriptions, il ne faut pas tarder, les places s&rsquo;envolent en quelques jours \u00e0 peine.&nbsp;<\/p>\n\n\n\n<p>Le parcours 2025 relie Clermont Ferrand \u00e0 Mandelieu , via les Alpes , avec 18000 m de D+&nbsp;<\/p>\n\n\n\n<figure class=\"wp-block-image\"><a href=\"https:\/\/www.blogger.com\/u\/1\/blog\/post\/edit\/4033100494622481360\/5604692453901566419#\"><img decoding=\"async\" src=\"https:\/\/blogger.googleusercontent.com\/img\/a\/AVvXsEheJ_oVmQ_pZfmq1YA0fPiey6Dz_zB_xI1nipM0R4RzN55mTygPpRdfgXOUeboj9g2zmFWbuIVBKJjM8Wm083bUHsmRtp85Qo6WNr5dz8D1ZJcCi5uaOM5tufRQpkaRyPuWtkvyERLVwbrCjyuRk6Q7x4mOZnwntCHeQLRsosqCn_-tEbOQM2fuivnY_xzI=w640-h429\" alt=\"\"\/><\/a><\/figure>\n\n\n\n<p>Pour m&rsquo;entra\u00eener au D+,&nbsp; je participe \u00e0 deux \u00e9preuves Gravelman \u00e0 fort d\u00e9nivel\u00e9 : en solo au Maroc avec 5000km\/7500 D+ et au Beaujolais avec 500km\/8800 D+ en compagnie cette fois de Nicolas et Eric. Les deux \u00e9preuves se passent tr\u00e8s bien , termin\u00e9es sans difficult\u00e9 majeure et dans de bon temps de parcours. Les feux sont au vert pour la RAF ( Race Across France ) .&nbsp;<\/p>\n\n\n\n<p>Je me doute que 1000km\/18.000D+ sont un autre monde compar\u00e9 aux 500km. En particulier parce-qu&rsquo;ayant une bonne r\u00e9sistance au sommeil je n&rsquo;ai pas besoin de dormir sur 500km mais il sera impossible d&rsquo;en faire de m\u00eame sur 1000km ce qui implique une toute autre gestion.&nbsp;<\/p>\n\n\n\n<p>L&rsquo;organisation de la RAF \u00e9tant attentive \u00e0 la s\u00e9curit\u00e9 , il est d&rsquo;ailleurs obligatoire de se reposer 4heures toutes les 36h sous peine de disqualification. Le suivi de la course via la balise GPS utilise d&rsquo;ailleurs un code couleur pour chaque concurrent ( vert : dans les clous, rouge : pas assez de repos )&nbsp;<\/p>\n\n\n\n<p>Ludo , compagnon de multiples aventures depuis plus de 20 ans est partant, tout comme Nicolas. Chacun se pr\u00e9pare du mieux possible , en fonction de ses contraintes. Nicolas participera notamment au gravelman Beaujolais comme mentionn\u00e9 plus haut, o\u00f9 il souffira d&rsquo;un d\u00e9part trop rapide, le pi\u00e8ge de toutes ces \u00e9preuves o\u00f9 l&rsquo;enthousiasme du d\u00e9part est souvent un mauvais conseiller.&nbsp;<\/p>\n\n\n\n<p>On se documente tous sur les bonnes pratiques, cherchant les meilleurs conseils. Les avis sont unanimes , il faut rouler entre 50 et 70% de la FTP maximum , sans jamais se mettre dans le rouge sous peine de ne pas tenir la distance.&nbsp; &nbsp;<\/p>\n\n\n\n<p>Je roule autour des 50% au Maroc et au Beaujolais, ca passe facile, donc je decide de viser plut\u00f4t les 60% pour la RAF.&nbsp;<\/p>\n\n\n\n<p>Les \u00e9preuves de pr\u00e9paration ont permis de bien valider la configuration du v\u00e9lo , avec le plus lourd dont l&rsquo;eau dans une sacoche centrale full frame, une sacoche top tube. Et pour la RAF , je suis oblig\u00e9 de rajouter une sacoche de selle, l&rsquo;\u00e9quipement obligatoire \u00e9tant plus cons\u00e9quent en particulier pour le bivouac.&nbsp;<\/p>\n\n\n\n<p>M\u00eame si ce n&rsquo;est pas indispensable, pour ma tranquilit\u00e9 d&rsquo;esprit je d\u00e9cide de monter une roue avant dynamo l\u00e9g\u00e8re avec le nouveau moyeu DT Swiss SP. Un des enseignements de mon exp\u00e9rience ces 4 derni\u00e8res ann\u00e9es c&rsquo;est que moins on a de choses \u00e0 g\u00e9rer mieux c&rsquo;est. Une telle \u00e9preuve est tr\u00e8s consommatrice en energie mentale.&nbsp;<\/p>\n\n\n\n<p>Je fais aussi l&rsquo;acquisition du GPS Coros Dura , que j&rsquo;adore : autonomie quasi illimit\u00e9e avec la recharge solaire, pas de besoin non plus de penser \u00e0 le recharger pour 1000km , fonctionnement simple et efficace ( bon, il faudra en reparler avec Julian \ud83d\ude00 )&nbsp;<\/p>\n\n\n\n<p>Quelques visios de pr\u00e9paration avec Ludo et Nico , je perfectionne mon logiciel de pr\u00e9diction de plan de marche avec l&rsquo;aide de ChatGPT pour essayer d&rsquo;organiser notre parcours et nos p\u00e9riodes de repos. Bien que je sache que c&rsquo;est d\u00e9conseill\u00e9 ( car cela ajoute une pression pour atteindre un lieu donn\u00e9 ) , on r\u00e9serve 3 gites : premier dodo , 2\u00e8me dodo et arriv\u00e9e ( on y reviendra &#8230; ) . Vous l&rsquo;avez vu plus haut , le bivouac dans les toilettes publiques , \u00e7a ne me fait par r\u00eaver outre mesure \ud83d\ude00<\/p>\n\n\n\n<p>Je d\u00e9cide de prendre mon Origine Graax, v\u00e9lo de gravel \u00e0 la base mais tr\u00e8s l\u00e9ger et extr\u00e9mement efficace sur route et la position est la plus confortable, notamment en descente avec le guidon gravel au drop r\u00e9duit. R\u00e9vision compl\u00e9te du v\u00e9lo , je change tout : transmission y compris le d\u00e9railleur, plaquettes, freins purg\u00e9s, roues neuves mont\u00e9es moi-meme avec moyeu avant dynamo.<\/p>\n\n\n\n<p>Les tests de la dynamo sont tr\u00e8s positifs : je recharge \u00e0 100% un powerbank 10.000mah en 10h de roulage. Plus que suffisant pour \u00eatre totalement autonome en \u00e9nergie. Je rechargerai m\u00eame une fois la powerbank de Ludo qui n&rsquo;avait pas charg\u00e9 la nuit. Ca charge tellement que ma powerbank principale finira par en souffrir ( point \u00e0 creuser ) : HS \u00e0 Jausiers , heureusement j&rsquo;en avais pris une petite de secours finalement largement suffisante.&nbsp;<\/p>\n\n\n\n<p>Dimanche 15 en d\u00e9but d&rsquo;apr\u00e8s-midi, d\u00e9part avec le v\u00e9lo et le sac \u00e0 dos pour rejoindre Clermont en train. Taoufik, notre logeur \u00e0 Clermont a gent\u00eement accept\u00e9 de d\u00e9caler \u00e0 13h l&rsquo;horaire pour rendre l&rsquo;appartement ce qui nous sera bien utile pour dormir le plus longtemps possible.&nbsp;<\/p>\n\n\n\n<figure class=\"wp-block-image\"><a href=\"https:\/\/www.blogger.com\/u\/1\/blog\/post\/edit\/4033100494622481360\/5604692453901566419#\"><img decoding=\"async\" src=\"https:\/\/blogger.googleusercontent.com\/img\/a\/AVvXsEia_aEulLr5qX-wfLP7Cv3Lmi9HknWHp5d7rGQUYlIBjVb-TSV-W8yYw0O76b5i2XewUmTCgqUkIzjiqeCpD51UPisfsy2lFb1Px102RFngBl3HGWjbRLWiK6AffrdGpcciI_CkYWcUx3RY7z7lqqgrPwIqomGAsMDyDBUHtqHFK8HBR1nD_hxrkH9xHRUp=w640-h360\" alt=\"\"\/><\/a><\/figure>\n\n\n\n<figure class=\"wp-block-image\"><a href=\"https:\/\/www.blogger.com\/u\/1\/blog\/post\/edit\/4033100494622481360\/5604692453901566419#\"><img decoding=\"async\" src=\"https:\/\/blogger.googleusercontent.com\/img\/a\/AVvXsEiCqa0vkx88_tiPcdrixRPP-UrPDXzq-ULS0B1-8YjVFyKzrR6M5OBFsQ_wcpQz8e_cvkl2pFX7ROX6LCPNOQIDlTn4CVdsxs-dP-76TT4xO92c8J0GqBbA9Pig7QzH7uck6A3_7ozYRQ78dp5K2DFkfSVaYahbzcHExvzH2VwTmLuv2oOpPd3M7Ch7zY6n=w360-h640\" alt=\"\"\/><\/a><\/figure>\n\n\n\n<p>Le point d\u00e9licat avec la RAF compar\u00e9 \u00e0 d&rsquo;autres \u00e9preuves , c&rsquo;est que le d\u00e9part est \u00e0 partir de 21h . Je n&rsquo;en connais pas la raison. Les d\u00e9parts sont individuels, toutes les 30s. Dossard 1082 je partirai \u00e0 21h39, alors de Ludo et Nicolas qui ont le 1201 et 1207 partiront autour de 22h40 . Le d\u00e9part le soir complique la gestion du sommeil car on part avec d\u00e9j\u00e0 une petite dette contrairement \u00e0 un d\u00e9part le matin. Si certains arrivent \u00e0 faire une sieste sur la base de d\u00e9part, impossible pour moi avec l&rsquo;excitation du d\u00e9part de la plus grande \u00e9preuve de ma vie sportive !&nbsp;<\/p>\n\n\n\n<p>Apr\u00e8s un brunch en fin de matin\u00e9e, on rejoint la base de d\u00e9part en d\u00e9but d&rsquo;apr\u00e8s-midi . On y laissera nos affaires qui seront transport\u00e9es \u00e0 l&rsquo;arriv\u00e9e , et nous avons le droit \u00e0 un \u00ab\u00a0drop bag\u00a0\u00bb que l&rsquo;organisation d\u00e9pose dans la base vie \u00e0 mi-parcours permettant de ne pas transporter de v\u00e9tements de rechange et de refaire les r\u00e9serves de produits energ\u00e9tiques \u00e0 mi-parcours.&nbsp;<\/p>\n\n\n\n<p>Check complet des v\u00e9los et de tout l&rsquo;\u00e9quipement obligatoire , dans mon cas par Arnaud Manzanini himself.<\/p>\n\n\n\n<p>Suivi d&rsquo;une petite interview sur les escaliers de la base pendant que Ludo et Nico sont partis \u00e0 pied \u00e0 la recherche d&rsquo;une flasque souple.&nbsp;<\/p>\n\n\n\n<p>Une pasta party est \u00e9galement pr\u00e9vue avant le d\u00e9part.<\/p>\n\n\n\n<figure class=\"wp-block-image\"><img decoding=\"async\" src=\"https:\/\/blogger.googleusercontent.com\/img\/a\/AVvXsEipMM1a-jDGx11hn8EJimqRLWjRK-JVN3FgC4b-HIFDCy_zc5TtiDOgAvksyJZG1f7TB1VFAEjzMwy3nwfInK9JrYTDlW7vl5XefqQFLZIgXFcq94homomP9hTRiWe9LmKwiiHLQhC05lhgYRGJS4MLnYh9gGXoG_cMp6DCWvZ-gah2oBpzSPqhscFjEBxk=w640-h360\" alt=\"\"\/><\/figure>\n\n\n\n<figure class=\"wp-block-image\"><a href=\"https:\/\/www.blogger.com\/u\/1\/blog\/post\/edit\/4033100494622481360\/5604692453901566419#\"><img decoding=\"async\" src=\"https:\/\/blogger.googleusercontent.com\/img\/a\/AVvXsEhcTf8g4sgRhaM8LY8n5AKj-4JjFF265LyoqRTGcWVRa9sUMQgCyDljrUIB_kVwZ1-Vtkff6RetwUBt4uuTxorZSsZu9OczkOgxx6S2sgxydy19d-d6rTRteuSFXyRFgjbGa6oHZ0ExQZ0gayJqGeT9KlBhNNjU5X0kX5EA77BZkvRsack_Py95OQidMNkL=w640-h360\" alt=\"\"\/><\/a><\/figure>\n\n\n\n<figure class=\"wp-block-image\"><a href=\"https:\/\/www.blogger.com\/u\/1\/blog\/post\/edit\/4033100494622481360\/5604692453901566419#\"><img decoding=\"async\" src=\"https:\/\/blogger.googleusercontent.com\/img\/a\/AVvXsEh8tsmwEMN1opIbQ8HRrv-eUmt5q7X51KI5Zv_dMCeITMca9nkb_MKHVqCim-HbozpprbIQ6AgGYbtdCnkjy4vSckQGREPYd1HBlTA8cQ68rgU8SGZjt1tqZsuL7v_ErZtA7eM0fGJK-zlRz0b9N9x75KgSywYKIKGAh1CCYbhBgO_imcn4T9U8ETfPydKA=w640-h360\" alt=\"\"\/><\/a><\/figure>\n\n\n\n<figure class=\"wp-block-image\"><a href=\"https:\/\/www.blogger.com\/u\/1\/blog\/post\/edit\/4033100494622481360\/5604692453901566419#\"><img decoding=\"async\" src=\"https:\/\/blogger.googleusercontent.com\/img\/a\/AVvXsEhHu34EpoCZ6Wi6jNZI5UOSlCPBL4PuC9iqpPcenODw5EDv-7nh2kTohSkA0IlYnHfjpk3uQYhCicObQ7Nz_Vh8yakxGOryfqkaXlueMo7sP7JgwzpnzPwSc5mpVLzD3E1GDY7DD5jv3xO-Owm4Ge-Aufh3PqSkXEkEMMKl7R-bPSOdwWI2-XTJcp6yGoL7=w640-h360\" alt=\"\"\/><\/a><\/figure>\n\n\n\n<p>19h : grand briefing de l&rsquo;organisation pour nous passer toutes les consignes et &#8230; il ne reste plus qu&rsquo;\u00e0 attendre le d\u00e9part.&nbsp;<\/p>\n\n\n\n<p>Au passage , Ludo et moi , abonn\u00e9s SFR sommes dans un black out total , panne nationale de r\u00e9seau , aucun signal.&nbsp;<\/p>\n\n\n\n<p>Dans le parc \u00e0 v\u00e9los , un concurrent fait tomber mon v\u00e9lo par m\u00e9garde, sans dommage apparent, je n&rsquo;y pr\u00eate pas vraiment attention mon esprit est d\u00e9sormais focalis\u00e9 sur le parcours.&nbsp;<\/p>\n\n\n\n<p>Sauf qu&rsquo;en regardant ma lampe avant, je vois que l&rsquo;elastique de fixation \u00e0 l\u00e2ch\u00e9 ! Merde ! Je recherche l&rsquo;elastique de rechange mais dans l&rsquo;excitation je ne sais plus o\u00f9 je l&rsquo;ai rang\u00e9 et il y a plein de poches partout dans mes sacoches. J&rsquo;assure le coup en utilisant deux colliers rilsan de ma trousse de d\u00e9pannage.&nbsp;<\/p>\n\n\n\n<p>21h35, je discute avec Alexia , dossard 1081 juste devant moi&nbsp;<\/p>\n\n\n\n<p>J&rsquo;allume ma cam\u00e9ra embarqu\u00e9e pour filmer le d\u00e9part : rien ne se passe , elle s&rsquo;est allum\u00e9e toute seule dans la chute, batterie d\u00e9charg\u00e9e \ud83d\ude30 . Heureusement Ludo est l\u00e0 pour me filmer avec son t\u00e9l\u00e9phone !&nbsp;<\/p>\n\n\n\n<p>21h39 : top d\u00e9part !&nbsp;<\/p>\n\n\n\n<p>22h, j&rsquo;allume la lampe avant et &#8230; rien ! Ca commence mal ! Je checke le cable, la batterie, en fait \u00e7a a bien vals\u00e9 dans la sacoche avec la chute du v\u00e9lo. Finalement c&rsquo;est le cable de liaison de la lampe qui s&rsquo;est d\u00e9fait, elle s&rsquo;allume, sauv\u00e9 .<\/p>\n\n\n\n<figure class=\"wp-block-image\"><img decoding=\"async\" src=\"https:\/\/img1.blogblog.com\/img\/video_object.png\" alt=\"\"\/><\/figure>\n\n\n\n<p>22h10 : un des colliers rilsan mal fix\u00e9 l\u00e2che, nouvel arr\u00eat pour en remettre un autre. Ca me perturbe tous ces incidents techniques li\u00e9s \u00e0 la chute, je n&rsquo;arrive pas \u00e0 me mettre dans le rythme de la course du coup.<\/p>\n\n\n\n<p>22h20: indexation des vitesses d\u00e9r\u00e9gl\u00e9e aussi , nouvel arr\u00eat pour r\u00e9gler \u00e0 nouveau le d\u00e9railleur en priant que je puisse enfin penser juste \u00e0 rouler.&nbsp;<\/p>\n\n\n\n<p>22h30: il fait maintenant nuit noire, tout fonctionne \u00e0 nouveau correctement sur le v\u00e9lo , petit \u00e0 petit je rentre dans ma course . 4km de retard sur mon plan de marche du fait des petits soucis techniques, anectodique \u00e0 l&rsquo;echelle de la course mais bon, \u00e7a ne commence pas comme pr\u00e9vu.<\/p>\n\n\n\n<p>Ludo et Nico \u00e9tant 1heure derri\u00e8re. j&rsquo;adopte un rythme tranquille, l&rsquo;id\u00e9e est de se rejoindre au petit matin.<\/p>\n\n\n\n<p>La grosse chaleur de la journ\u00e9e fait place \u00e0 une vraie fra\u00eecheur, bien plus que pr\u00e9vu, d&rsquo;autant qu&rsquo;on prend rapidement de l&rsquo;altitude avec un premier col \u00e0 plus de 1000m qui d\u00e9bute \u00e0 peine 25km apr\u00e8s le d\u00e9part. Une pens\u00e9e pour Nico qui voulait laisser tomber tous les v\u00e9tements chauds, heureusement qu&rsquo;il ne l&rsquo;a pas fait. Nouvel arr\u00eat , j&rsquo;avais oubli\u00e9 de mettre jambi\u00e8res et manchettes sur moi au d\u00e9part , je m&rsquo;arr\u00eate pour m&rsquo;\u00e9quiper en haut du col et j&rsquo;ajoute le gilet themique pour la descente.&nbsp;<\/p>\n\n\n\n<p>Au gr\u00e9 des arr\u00eats des uns et des autres , je vois souvent les m\u00eames t\u00eates autour de moi . Un oeil au classement , je suis inquiet de voir que suis au d\u00e9l\u00e0 de la 200\u00e8me place ( sur 382 ) . Depuis le d\u00e9part , je roule sans forcer mais quand m\u00eame \u00e0 une bonne puissance , sup\u00e9rieure \u00e0 ce que j&rsquo;ai fait sur les \u00e9preuves pr\u00e9c\u00e9dentes. Le niveau semble donc tr\u00e8s \u00e9l\u00e9v\u00e9 sur cette course, pas forc\u00e9ment \u00e9tonnant c&rsquo;est une des plus connues au monde et la participation est internationale.&nbsp;<\/p>\n\n\n\n<p>Comme il y a beaucoup de n\u00e9ophytes ( sondage au briefing ) , je soupconne quand m\u00eame que beaucoup vont avoir des surprises sur la suite, on verra bien.&nbsp;<\/p>\n\n\n\n<p>Alerte rouge : une douleur tr\u00e8s inhabituelle au genou droit est en train d&rsquo;appara\u00eetre , ca ressemble \u00e0 un d\u00e9but de tendinite. Comment est-ce possible ? Cela ne m&rsquo;est jamais arriv\u00e9 depuis que je fais du v\u00e9lo !. Ce genre de douleur vient d&rsquo;un probl\u00e8me de position. Et si ma selle avait boug\u00e9 dans la fameuse chute du v\u00e9lo au d\u00e9part ? Je m&rsquo;arr\u00eate et je me rends compte que la selle a pivot\u00e9 en arri\u00e8re , l&rsquo;angle n&rsquo;est plus bon , elle a aussi recul\u00e9. Heureusement, le chariot est gradu\u00e9, je peux donc la remettre pr\u00e9cisement en bonne position. Je repars avec le stress que cela s&rsquo;aggrave. J&rsquo;ai en t\u00eate de nombreux r\u00e9cits de concurrents ultra ayant abandonn\u00e9 pou ce type de probl\u00e8me.&nbsp;<\/p>\n\n\n\n<p>4h du matin, le r\u00e9servoir centrale de la sacoche est presque vide, je m&rsquo;arr\u00eate sur la place d&rsquo;un village o\u00f9 de nombreux concurrents sont en train de remplir leurs gourdes.&nbsp;<\/p>\n\n\n\n<p>J&rsquo;en profite aussi pour manger le sandwich achet\u00e9 avant le d\u00e9part, je sens que l&rsquo;energie commence \u00e0 diminuer. Cet arr\u00eat un peu plus long me permet d&rsquo;entendre deux voix connuees : Ludo &amp; Nico arrivent, ils ont bien gaz\u00e9 depuis le d\u00e9part ! Voil\u00e0 la fine \u00e9quipe r\u00e9unie.&nbsp;<\/p>\n\n\n\n<p>Nous repartons de concert, direction le Mont Gerbier de Jonc source de la Loire , culminant \u00e0 1600m. La mont\u00e9e se fait par paliers et est longue , presque 30 km . Avant ce col , on a une p\u00e9riode de transition avec un terrain plut\u00f4t roulant, nous sommes a peu pr\u00e8s sur le plan de marche pr\u00e9vu , tout va bien, d\u00e9j\u00e0 140km de parcourus, on remonte dans le classement.&nbsp;<\/p>\n\n\n\n<p>D\u00e8s 5h , la nuit commence \u00e0 s&rsquo;effacer avec les premi\u00e8res lueurs de l&rsquo;aube et c&rsquo;est sous un grand soleil et ciel bleu que nous attaquons la mont\u00e9e du Mont Gerbier de Jonc. Nous roulons de concert avec Ludo , \u00e0 la puissance cible que nous nous sommes fix\u00e9s ( 60 \u00e0 70% FTP soit entre 170 et 180W en mont\u00e9e ) . Nicolas est juste derri\u00e8re nous. Je le vois soudain nous d\u00e9passer , du coup , je monte un peu les W pour qu&rsquo;on reste ensembles mais il appuie trop fort, je me dis qu&rsquo;il doit vouloir prendre une photo . Bon, l&rsquo;histoire revelera par la suite que j&rsquo;ai confondu Nicolas et un autre concurrent et du coup en accel\u00e9rant on l&rsquo;a un peu distanc\u00e9 ! \ud83d\ude30<\/p>\n\n\n\n<p>La mont\u00e9e est tr\u00e8s irr\u00e9guli\u00e8re, ca varie entre 2 et 10% . A l&rsquo;approche du sommet , la chaleur augmente et j&rsquo;ai un gros coup de fatigue. Mes yeux papillottent ( rappel : on est lev\u00e9 depuis plus de 20h cons\u00e9cutives d\u00e9j\u00e0 ) . Je laisse partir Ludo, et je fais une pause \u00e0 l&rsquo;ombre juste avant le sommet . Petite sieste de 10min, je finis le sandwich, mange un gel , je bois bien . Ca va tout de suite beaucoup mieux en repartant.&nbsp;<\/p>\n\n\n\n<p>Nous voil\u00e0 dans une descente magnifique et fluide : large , revetement parfait, \u00e7a file pendant 50km , avec evidemment quelques raidars au milieu sinon \u00e7a ne serait pas dr\u00f4le.&nbsp;<\/p>\n\n\n\n<figure class=\"wp-block-image\"><a href=\"https:\/\/www.blogger.com\/u\/1\/blog\/post\/edit\/4033100494622481360\/5604692453901566419#\"><img decoding=\"async\" src=\"https:\/\/blogger.googleusercontent.com\/img\/a\/AVvXsEjqfXTgaODED_mbsH6ayrpPG3VCWYq2vhD9DVNH4LK74zF6O0C2D2QJB81_jsA3xlhoupgFDC788w_gsjdg4tJu55cw-Ee5JdagwG6o0tWCBJY1vfjvTSHcW9cPTmRog8p9Rh5Nz-ZjNdHvgXAIPqMN1ZEXO9Xem2bmsuLm4vF3eblnRsud5kwgAmGK4ywt=w640-h360\" alt=\"\"\/><\/a><\/figure>\n\n\n\n<figure class=\"wp-block-image\"><a href=\"https:\/\/www.blogger.com\/u\/1\/blog\/post\/edit\/4033100494622481360\/5604692453901566419#\"><img decoding=\"async\" src=\"https:\/\/blogger.googleusercontent.com\/img\/a\/AVvXsEifEH6F8jUOOnWDPNniM1AnQblM-Aa7gAwwhfB_1e-UBUTa2O9Hy7IQY5ZSRJyd1EcNhS7DJwCK-fjoijLShiDf5j8RSehe1P9vdtVJmtgJn_9LSYt0DDzNJJgi3G13ggjjvqZbDfYwGyncispGzNG34JtEwMC9ein2UQcBiX1K_xXBrNaEfJTKzbtJg6w9=w640-h360\" alt=\"\"\/><\/a><\/figure>\n\n\n\n<p>Nous voil\u00e0 donc d\u00e9sormais en Ard\u00e8che que l&rsquo;on va traverser rapidement avec ce profil descendant. Dans la descente, je dois m&#8217;employer pour suivre une jeune concurrente en jaune qui a un sens incroyable des trajectoires. Il me faut relancer en p\u00e9dalant pour la suivre alors qu&rsquo;elle ne donne pas le moindre coup de p\u00e9dale !&nbsp;<\/p>\n\n\n\n<p>Dans ma t\u00eate , Nico est loin devant et Ludo doit \u00eatre \u00e0 quelques kilom\u00e8tres . Mon but est Alba la Romaine , o\u00f9 j&rsquo;ai rep\u00e9r\u00e9 \u00e0 l&rsquo;avance epicerie et boulagerie pour un stop alimentation. Jusque l\u00e0 , nous avons roul\u00e9 sur des petites routes desertes sans rencontrer le moindre commerce.<\/p>\n\n\n\n<p>Je rejoins Alba la Romaine , km 258 vers 10h30. Nous voil\u00e0 dans le Sud \ud83d\ude00 comme les cigales me le confirment.&nbsp;<\/p>\n\n\n\n<figure class=\"wp-block-image\"><a href=\"https:\/\/www.blogger.com\/u\/1\/blog\/post\/edit\/4033100494622481360\/5604692453901566419#\"><img decoding=\"async\" src=\"https:\/\/blogger.googleusercontent.com\/img\/a\/AVvXsEhzJ_2OjuSOrx7ub8Z_6_URjdrLgvDomoi_UvUkYJfS0kZHdCsrOwvw6Xnec2vfk4RBB3EXFEcCUSW8vlBEKV6Qc7w4pSRMDDkaD6zM7LJ_TFB-7-vRtA5RedkbecGkgKW8xaFZO0CbdmaoRaJfA-fHYCh0qe1m2cje3VmpiAZR-t0pNXEZoxeGJ_YMyJt1=w640-h360\" alt=\"\"\/><\/a><\/figure>\n\n\n\n<p>Pas trop de r\u00e9seau sur place , mais j&rsquo;ai re\u00e7u juste avant un message de Ludo qui m&rsquo;attendait dans un bar ( pas vu le bar ni Ludo \ud83d\ude30 ) et surtout Nico nous dit qu&rsquo;il est 20km &#8230; derri\u00e8re. C&rsquo;est l\u00e0 que je comprends que ce n&rsquo;\u00e9tait pas lui qui \u00e9tait pass\u00e9 devant dans la mont\u00e9r . Mince , on est bien dispers\u00e9s dans la nature.&nbsp;<\/p>\n\n\n\n<p>Je mange devant une \u00e9picerie qui a des tables et de l&rsquo;ombre , en compagnie d&rsquo;un autre concurrent. Il \u00e9tait dans le groupe de t\u00eate mais a du ralentir \u00e0 cause d&rsquo;une sciatique . Je descends trois bouteilles de San Pelligrino de 50cl, la chaleur est bien mont\u00e9 accompagn\u00e9e du champ des cigales . J&rsquo;ai achet\u00e9 de quoi me faire de beaux sandwichs , des fruits et des yaourts.&nbsp;<\/p>\n\n\n\n<p>Ludo est arr\u00eat\u00e9 dans un autre village , nous repartons chacun de notre cot\u00e9 et on se donne rendez-vous dans l&rsquo;apr\u00e8s-midi \u00e0 Vaison la Romaine.&nbsp;<\/p>\n\n\n\n<p>Ce passage dans l&rsquo;Ard\u00e8che puis la Drome est plus facile , il y a moins de denivel\u00e9 et un vent favorable. J&rsquo;avance bien, avec des paysages magnifiques le long du Rh\u00f4ne&nbsp;<\/p>\n\n\n\n<figure class=\"wp-block-image\"><a href=\"https:\/\/www.blogger.com\/u\/1\/blog\/post\/edit\/4033100494622481360\/5604692453901566419#\"><img decoding=\"async\" src=\"https:\/\/blogger.googleusercontent.com\/img\/a\/AVvXsEhML92pgHRFOhmr-BfurWZopx5_qBvWqvnoQ4q16l49QZoKVPctoT4AMQso_MGjEn6zdTx27UteCgnrb00nco5eYrJeA_XQHLmnrjhSTuTIvo4casl7FyKQ03UhOsNtfP7sxhaZgCQM9T4D-05_vm64GwHft8T-NgUXgxPrxpX3MFkPfFzwBl-IeqKcwtba=w640-h360\" alt=\"\"\/><\/a><\/figure>\n\n\n\n<figure class=\"wp-block-image\"><a href=\"https:\/\/www.blogger.com\/u\/1\/blog\/post\/edit\/4033100494622481360\/5604692453901566419#\"><img decoding=\"async\" src=\"https:\/\/blogger.googleusercontent.com\/img\/a\/AVvXsEhaLyTv0j6-lTbeJdxsE0vpWVER55d3AI3mAmTPa77PthARojbrkm8t7zqUlW4r22AKSP3AET8z4H3HTNFk2ylJy6Ny8bNGg-WvHi3jHEQeb7Y_ZE-PyuLEcLivd58w63u8Uz2lHQqKXqHvE-hm9Sgg8jdm1XxXRU1NFdj_y5FSb3wd3Vu6z_Cec2yArAf4=w640-h360\" alt=\"\"\/><\/a><\/figure>\n\n\n\n<p>L&rsquo;arriv\u00e9e dans la Dr\u00f4me correspond aussi \u00e0 l&rsquo;arriv\u00e9e de champs de lavande en fleurs. Aussi agr\u00e9able pour les yeux que le nez.&nbsp;<\/p>\n\n\n\n<p>Il commence par contre \u00e0 faire beaucoup plus chaud , et la route se transforme en montagnes russes au fur et \u00e0 mesure que l&rsquo;on progresse vers Vaison la Romaine.&nbsp;<\/p>\n\n\n\n<p>Ludo qui n&rsquo;\u00e9tait pas loin met le turbo pour me rejoindre avant Vaison ce qu&rsquo;il r\u00e9ussit \u00e0 faire dans la descente de la derni\u00e8re bosse difficile avant le but. Bosse que j&rsquo;ai eu les plus grandes peines \u00e0 monter : raide , en plein soleil , un enfer ! Je m&rsquo;arr\u00eate \u00e0 chaque fontaine pour me mouiller ainsi que la casquette que je porte sous le casque pour me prot\u00e9ger du soleil. Je sens mes forces d\u00e9cliner rapidement \u00e0 ce moment . Cela m&rsquo;inqui\u00e8te , car l&rsquo;objectif du jour est de passer la Montagne de Lure , une des difficult\u00e9s majeure du parcours , soeur jumelle du Ventoux. A cet instant pr\u00e9cis je me sens incapable d&rsquo;une telle ascension mais je sais que les forces peuvent revenir vite avec une bonne pause et en mangeant un vrai repas.&nbsp;<\/p>\n\n\n\n<p>J&rsquo;aurai d&rsquo;ailleurs la m\u00eame sensation tous les jours en fin d&rsquo;apr\u00e8s-midi , un effet clair de la chaleur sous laquelle nous avons r\u00e9alis\u00e9 le parcours.&nbsp;<\/p>\n\n\n\n<p>J&rsquo;ai toujours &#8211; un peu &#8211; mal au genou . Ca tire, mais seulement au dela de 190W ce qui \u00e0 ce stade n&rsquo;est pas trop genant et myst\u00e9rieusement si je me mets en danseuse, je ne sens plus rien. J&rsquo;utilise donc la danseuse d\u00e8s qu&rsquo;il faut mettre de la puissance.&nbsp;<\/p>\n\n\n\n<p>Arriv\u00e9e \u00e0 Vaison la Romaine, km 330 . On s&rsquo;arr\u00eate dans une cr\u00e9perie o\u00f9 la patronne adorable me sert deux \u00e9normes cr\u00eapes, agr\u00e9ment\u00e9es de coca, de San Pellegrino et de bouteilles d&rsquo;eau pour remplir le r\u00e9servoir de la sacoche centrale . Il fait 3l , je le remplis en fonction de la pr\u00e9sence des points d&rsquo;eau sur le parcours , en essayant de ne pas trop alourdir le v\u00e9lo , donc \u00e7a varie entre 1.5l et 3l . La consommation est astronomique, du jamais vu pour moi . De l&rsquo;ordre de 4l aux 100 km . Et oui , le moteur \u00e0 eau existe !&nbsp;<\/p>\n\n\n\n<p>On prend le temps d&rsquo;attendre Nico qui nous rejoint vers 17h. Nous en profitons aussi pour acheter notre repas du soir que l&rsquo;on transportera sur le v\u00e9lo pour le manger avant la Montagne de Lure. Je vais aussi \u00e0 la pharmacie acheter une pommade anti-inflammatoire pour le genou.&nbsp;<\/p>\n\n\n\n<p>Nico nous propose de repartir sans lui , il a besoin d&rsquo;un temps de pause suppl\u00e9mentaire et nous rejoindra au g\u00eete.<\/p>\n\n\n\n<p>Apr\u00e8s presque 2h de stop , \u00e7a va beaucoup mieux , les jambes ont retrouv\u00e9 100% de leurs capacit\u00e9s , la Montagne de Lure n&rsquo;a qu\u00a0\u00bb\u00e0 bien se tenir. Le corps humain a des ressources incroyables, c&rsquo;est une des le\u00e7ons que j&rsquo;ai apprises ces derni\u00e8res ann\u00e9es sur les \u00e9preuves longues : on peut \u00eatre mort , au bout de sa sa vie mais \u00e7a ne veut pas dire qu&rsquo;on ne sera pas \u00e0 nouveau en super forme si on prend le temps de manger et de se reposer.&nbsp;<\/p>\n\n\n\n<figure class=\"wp-block-image\"><a href=\"https:\/\/www.blogger.com\/u\/1\/blog\/post\/edit\/4033100494622481360\/5604692453901566419#\"><img decoding=\"async\" src=\"https:\/\/blogger.googleusercontent.com\/img\/a\/AVvXsEhwow14wgojveFS69ihHvB29gUEMfHhj-6NUB1aETQ0-v-HMjUxDHLTWk8WytT_WPHHY_v5rNHcOBQAc97g_XzMpd-QPoQcELxtJu0bMCGNXlRvCSMFif7Y72WtOYBZkUNKpHOHexwBoizPEJwW7fM7vUNa71B1z8WIW_fRJUYz3ppp0wa5NwXOH7pnJQDD=w640-h360\" alt=\"\"\/><\/a><\/figure>\n\n\n\n<p>Nous voila dans les Barronies, on a le Mont Ventoux en vue mais c&rsquo;est sa soeur jumelle qui est au programme. Malgr\u00e9 tout, les 80km pour rejoindre le pied de l&rsquo;ascension sont difficiles, avec trois cols de 6 \u00e0 10km, dont le col de Macuegne qui se r\u00e9v\u00e8le bien plus difficile qu&rsquo;annonc\u00e9, les donn\u00e9es de profil \u00e9tant fausses sur nos GPS ( 150m de D+ par rapport \u00e0 ce qui est annonc\u00e9 y compris sur OpenRunner )&nbsp;<\/p>\n\n\n\n<figure class=\"wp-block-image\"><a href=\"https:\/\/www.blogger.com\/u\/1\/blog\/post\/edit\/4033100494622481360\/5604692453901566419#\"><img decoding=\"async\" src=\"https:\/\/blogger.googleusercontent.com\/img\/a\/AVvXsEiRJHsWb7Eawn_MN27eGw-e0aYTfoPbwtzSq-UFjOnrwXgqHalajum0D-iNhzrBhLRj6fU0W0QirSp-8jSa4eBPBn2wZDRYq820Krxt8iMWzQKnv7BblQOJ3oMcL4_Pn_WOr3fTPaegmVBSIV31ac_ykfP5j7PTZLxGUmzMkadPlciDmY65FWYdzbCDu97d=w640-h360\" alt=\"\"\/><\/a><\/figure>\n\n\n\n<p>Nous passons Montbrun \u00e0 l&rsquo;heure o\u00f9 les terrasses sont pleines, de nombreux concurrents ont choisi d&rsquo;y dormir mais nous continuons.&nbsp;<\/p>\n\n\n\n<p>Arr\u00eat diner \u00e0 Saint Vincent sur Jabron pr\u00eat d&rsquo;une fontaine o\u00f9 nous d\u00e9vorons nos sandwichs.&nbsp;<\/p>\n\n\n\n<figure class=\"wp-block-image\"><a href=\"https:\/\/www.blogger.com\/u\/1\/blog\/post\/edit\/4033100494622481360\/5604692453901566419#\"><img decoding=\"async\" src=\"https:\/\/blogger.googleusercontent.com\/img\/a\/AVvXsEhtsyHA9YyquS39H_FqhGX7vT6_0vxkpxui__JRjM7mQyZ2Z7xcOO3F3PU-wLPlsMTKETGSIvn7NfcL-YmoZIu8HagAWq_vpF2wfgPGMFkXJcT_-zplv79LROduwHI_usR6cXx794KgxYxg0uG36QEDdBVO5agf7d4BIp8643DLMkQ2ZSVV4ZH6OaFk0AoB=w640-h361\" alt=\"\"\/><\/a><\/figure>\n\n\n\n<p>La pommade semble faire de l&rsquo;effet, la douleur au genou a diminu\u00e9. Je tartitne le genou toutes les 4h.&nbsp;<\/p>\n\n\n\n<p>Nous repartons vers 23h, direction Saint Etienne des Orgues , o\u00f9 nous avons r\u00e9serv\u00e9 un g\u00eete pour trois. J&rsquo;estime la mont\u00e9e de la Montagne de Lure \u00e0 3h , \u00e7a nous fait arriver autour de 3h du matin si tout se passe bien. Tr\u00e8s tardif , mais ca permettra malgr\u00e9 tout une nuit confortable de 4\/5h conforme \u00e0 nos objectifs de sommeil pour une telle \u00e9preuve. Par contre, il est evident que c&rsquo;est mort pour le g\u00eete N\u00b02 \u00e0 Barcelonnette, nous ne pourrons pas y arriver afin la fin de matin\u00e9e, il faudra donc pr\u00e9voir un bivouac pour la seconde nuit.&nbsp;<\/p>\n\n\n\n<p>Nous voil\u00e0 dans la mont\u00e9e avec Ludo. 26km d&rsquo;ascension au programme, mais la pente reste raisonnable avec une moyenne \u00e0 6%. Sommet \u00e0 1800m, avec un paysage ressemblant au Ventoux dont cette montagne est la soeur jumelle.&nbsp;<\/p>\n\n\n\n<p>Les jambes tournent bien, on est sur notre rythme cible et on monte tranquillement en bavardant avec Ludo. La pente est malgr\u00e9 tout plut\u00f4t irr\u00e9guli\u00e8re et se cabre parfois \u00e0 10%. Apr\u00e8s presque 40h sans dormir ( r\u00e9veil \u00e0 9h le lundi ) , ces passages raides commencent \u00e0 \u00eatre compliqu\u00e9s. Tous les km, une borne nous donne la distance au sommet et l&rsquo;altitude. A la longue \u00e7a devient un peu d\u00e9courageant car on progresse doucement sans voir grand chose \u00e0 cause de la nuit. Aux 3\/4 de la mont\u00e9e, dans une partie raide o\u00f9 on avance \u00e0 6km\/h, mes yeux se ferment tout seuls et je me retrouve dans le bas cot\u00e9 , heureusement cot\u00e9 montagne. Pas de chute, je vois des lapins blancs gambader , clairement il faut faire une mini pause. Je note un progr\u00e8s, d&rsquo;habitude quand j&rsquo;ai des hallucinations je vois des Tyrannosaures. Le lapin c&rsquo;est moins angoissant \ud83d\ude00 . J&rsquo;applique les conseils re\u00e7us sur le sommeil et ferme les yeux 2 minutes pour rebooter le cerveau. Puis j&rsquo;avale un gel \u00e0 la cafeine. Il faut vite finir cette mont\u00e9e. Ludo est parti devant.&nbsp;<\/p>\n\n\n\n<p>Dur, dur de redemarrer, j&rsquo;appr\u00e9cie le d\u00e9veloppement mini du Graax ( 31 devant \/ 36 derri\u00e8re ) et je mouline. Tr\u00a7s rapidement, les forces reviennent. J&rsquo;ai ai marre de cette mont\u00e9e interminable, de nuit, on ne voit rien \u00e0 part les arbres sur le cot\u00e9, le paysage n&rsquo;aide donc pas \u00e0 se motiver. Je veux en finir le plus vite possible , je r\u00eave de m&rsquo;allonger dans un bon lit au g\u00eete ! Du coup de passe de 31&#215;36 \u00e0 48&#215;32.<\/p>\n\n\n\n<p>Je me mets \u00e0 pousser en force force sur les p\u00e9dales, passant de 160\/170W \u00e0 230\/250W . Je reviens sur Ludo qui m&rsquo;attendait et je vais du coup le distancer un peu , pas grave j&rsquo;attendrai en haut mais je suis obs\u00e9d\u00e9 par l&rsquo;id\u00e9e d&rsquo;en finir avec cette ascension.&nbsp;<\/p>\n\n\n\n<p>On arrive en haut \u00e0 plus de 2h du matin, comme pr\u00e9vu. En attendant Ludo, je mets les couches de v\u00e9tements additionnelles pour la descente qui s&rsquo;annonce longue. Il fait frais. Des concurrents ont choisi de bivouaquer ici, mauvaise id\u00e9e , ils vont finir gel\u00e9 \u00e0 moins d&rsquo;avoir un \u00e9quipement cons\u00e9quent !&nbsp;<\/p>\n\n\n\n<figure class=\"wp-block-image\"><a href=\"https:\/\/www.blogger.com\/u\/1\/blog\/post\/edit\/4033100494622481360\/5604692453901566419#\"><img decoding=\"async\" src=\"https:\/\/blogger.googleusercontent.com\/img\/a\/AVvXsEjS6J5EoiwOzdiuarzBAlJNpK5UGIB5WqgWc6GfcN2UQ7bdnTgMYhlMKZJ6G9imOAxxAOKLSjOtb-AyX0UYM-bsfARw1hskJ2bZNXfz2mSAyBjQlfUP1Atz4-QIOwSBDWIcaByXhYob9LrGGXg6yT7-34CCxXiKYKTAatml-N5yfIrBdMbD7K3PsCXPEL23=w360-h640\" alt=\"\"\/><\/a><\/figure>\n\n\n\n<p>Ludo arrive quelques minutes plus tard , et nous nous lan\u00e7ons dans la descente. Pas de marquages au sol, je met ma Klamp \u00e0 fond , tout comme la frontale, mais il y a de l&rsquo;humiidit\u00e9 , et une sorte de brume blanche. La route est mauvaise, la visibilit\u00e9 limit\u00e9e, la descente est un calvaire car on est sur les freins et \u00e7a finit par faire mal aux mains.&nbsp;<\/p>\n\n\n\n<p>Apr\u00e8s un temps qui nous semble interminable , on arrive enfin \u00e0 proximit\u00e9 de Saint Etienne. J&rsquo;ai utilis\u00e9 l&rsquo;appli de mon GPS Coros pour calculter l&rsquo;itin\u00e9raire jusqu&rsquo;au g\u00eete. Mais le GPS nous fait passer au plus court par un chemin caillouteux au lieu de la route. Chemin quasi inroulable avec nos pneus route, je m&rsquo;\u00e9tale en plein milieu en ripant sur un gros cailloux rond. Je me maudis de ne pas avoir tout simplement suivi le parcours pour chercher ensuite la bonne rue en ville.&nbsp;<\/p>\n\n\n\n<p>On perd 15 bonnes minutes dans ce raccourci impraticable mais on finit bien par tomber pile pol sur la maison r\u00e9serv\u00e9e. Le g\u00eete est top , climatis\u00e9, et il y a m\u00eame des paquetes de p\u00e2tes . On prend le temps de se faire un d\u00eener pour \u00eatre en forme le lendemain. Couch\u00e9s \u00e0 5h , nous sommes remont\u00e9s \u00e0 la 74\u00e8me position , et je suis premier dans ma cat\u00e9gorie d&rsquo;\u00e2ge ( 60-64 ) .&nbsp;<\/p>\n\n\n\n<p>Nico nous a envoy\u00e9 un message pour dire qu&rsquo;il dormait dans un champ au pied de la Montagne. Tant pis pour le classement , on decide de dormir jusqu&rsquo;\u00e0 9h30 puis on se prend un bon petit d\u00e9jeuner dans une boulangerie tenue par une tr\u00e8s charmante jeune femme.&nbsp;<\/p>\n\n\n\n<p>La place du village est remplie de Raffeurs, Nico nous rejoint et nous repartons vers 11h apr\u00e8s un petit-dej \/ d\u00e9jeuner combin\u00e9 et un sandwich attach\u00e9 \u00e0 la sacoche.<\/p>\n\n\n\n<figure class=\"wp-block-image\"><a href=\"https:\/\/www.blogger.com\/u\/1\/blog\/post\/edit\/4033100494622481360\/5604692453901566419#\"><img decoding=\"async\" src=\"https:\/\/blogger.googleusercontent.com\/img\/a\/AVvXsEiI1aBTUrEH3IRRllgxqaZkVWgsTCTkmU7Sf-Fme-ope7y4TSx6CJjb5jHsfLyUnSY5q-OdMXzg7IG2fYFtRPpYY3uhqpudQqF6gU0OWbylKdGRw0Xp0nDNhQCz6vU2xM2WI6gQbaq-To-vqnzQ7xq8x6Jt_pk8ICZNB5oZ0d_TYHV_Uk2MgxY440OGuk0m=w640-h360\" alt=\"\"\/><\/a><\/figure>\n\n\n\n<p>Nous sommes \u00e0 nouveau r\u00e9unis. La descente se poursuit sur quelques kms, suivie d&rsquo;un parcours vallonn\u00e9 dans les champs de lavandes. Le paysage est magnifique, mais il fait encore plus chaud que la veille. Nous reperdons Nico \u00e0 une pharmacie o\u00f9 il fait un stop pour cause de douleurs au fessier, le grand classique sur ce type de distance.&nbsp;<\/p>\n\n\n\n<p>Pas de bobo \u00e0 ce niveau de mon c\u00f4t\u00e9 et le genou tire de moins en moins, la pommade fait son effet, j&rsquo;ai heureusement pris le probl\u00e8me \u00e0 temps et la remise en place de la selle semble r\u00e9gler le sujet.&nbsp;<\/p>\n\n\n\n<p>Mon objectif pour cette journ\u00e9e est de passer le Col des Champs , premier col du redoutable tryptique qui nous attend : Col de Champs ( 2000m ) , Col de la Cayolle ( 2400 ) , Col de la Bonnette ( 2800 ) . L&rsquo;id\u00e9e \u00e9tant d&rsquo;\u00e9viter d&rsquo;encha\u00eener les trois le m\u00eame jour pour mieux lisser l&rsquo;effort. La premi\u00e8re base vie nous attend \u00e0 Dignes , km 571 sachant que Saint Etienne des Orgues est au km 440. 130 km pour rejoindre donc cette premi\u00e8re base vie o\u00f9 un \u00ab\u00a0drop bag\u00a0\u00bb a \u00e9t\u00e9 d\u00e9pos\u00e9 par l&rsquo;organisation et permettrea de se doucher\/changer et refaire les r\u00e9serves de produits \u00e9nerg\u00e9tiques sur le v\u00e9lo.&nbsp;<\/p>\n\n\n\n<p>Notre ami Pascal Bride dit \u00ab\u00a0Bridou\u00a0\u00bb , le c\u00e9l\u00e8bre traceur des RAF , nous a pr\u00e9vu quelques surprises sur cette partie du parcours : pas de cols compliqu\u00e9s dans cette zone m\u00eame si on y trouve des mont\u00e9es xde 10km. Par contre , on encha\u00eene deux murs \u00e0 20% bien costauds avec les v\u00e9los charg\u00e9s. Nous mettons un point d&rsquo;honneur \u00e0 les passer sur le v\u00e9lo avec Ludo, en tant que ex-v\u00e9t\u00e9tistes, les pentes raides restent notre sp\u00e9cialit\u00e9. Heureusement il y a de l&rsquo;ombre !&nbsp;<\/p>\n\n\n\n<p>On croise souvent les m\u00eames t\u00eates aux arr\u00eats point d&rsquo;eau. Dans le coin il y a pas mal de fontaines avec un panneau \u00ab\u00a0eau non controll\u00e9e\u00a0\u00bb qui m&rsquo;agace. Autant \u00eatre clair et \u00e9crire \u00ab\u00a0potable\u00a0\u00bb ou \u00ab\u00a0non potable\u00a0\u00bb . Heureusement, les bars sont nombreux , se rep\u00e9rent facilement avec tous les v\u00e9los \u00e0 sacoches devant.<\/p>\n\n\n\n<p>Que c&rsquo;est bon, une bonne bouteille d&rsquo;eau gazeuse bien fra\u00eeche \ud83d\ude00.&nbsp;<\/p>\n\n\n\n<p>Arr\u00eat \u00e0 chaque fontaine pour se mouiller et mouiller la casquette afin d&rsquo;\u00e9viter le coup de chaud.&nbsp;<\/p>\n\n\n\n<figure class=\"wp-block-image\"><a href=\"https:\/\/www.blogger.com\/u\/1\/blog\/post\/edit\/4033100494622481360\/5604692453901566419#\"><img decoding=\"async\" src=\"https:\/\/blogger.googleusercontent.com\/img\/a\/AVvXsEg0vp_k4xvekV9UHa4zb_TjEsQTRrUhV6idIaLNkt3kjByzAEj6skCXXdc16NCpT4vrCaeutcr-dhx0MjJcCvnmu120gl1mTgF8H8f7oovyHEUp1l-GA2yayP2_L7fBt1hoIihRlJkLyiKWixXSL5TlgByzxTT9S3i31G2Pjw65IcEuWT71jxmltudv8qku=w640-h360\" alt=\"\"\/><\/a><\/figure>\n\n\n\n<p>Apr\u00e8s un dernier petit col tr\u00e8s joli mont\u00e9 au chant des cigales, nous voici \u00e0 Dignes km 575.&nbsp;<\/p>\n\n\n\n<p>Au vu de la qualit\u00e9 de la base vie de d\u00e9part , digne de la course internationale qu&rsquo;est la RAF , je suis surpris du cot\u00e9 approximatif de la base vie de Dignes \u00e0 l&rsquo;int\u00e9rieur d&rsquo;un stade. Refectoire et dortoir sous tente avec 50 mouches au cm2 , toilettes inutilisables, nourriture vraiment basique. Heureusement, il y a des past\u00e8ques sorties d&rsquo;un camion refrig\u00e9rant que je d\u00e9vore et du coca\/eau gazeuse bien fra\u00eeche. Mais impossible de manger le riz collant par cette chaleur. Je me contente de jambon et pain de mie, quelques bananes. On prends une douche dans les vestiaires du stade, on se change. Je comptais faire une sieste mais il n&rsquo;y a pas d&rsquo;endroit confortable pour dormir. Bref, d\u00e9\u00e7u sur le coup.&nbsp;<\/p>\n\n\n\n<figure class=\"wp-block-image\"><a href=\"https:\/\/www.blogger.com\/u\/1\/blog\/post\/edit\/4033100494622481360\/5604692453901566419#\"><img decoding=\"async\" src=\"https:\/\/blogger.googleusercontent.com\/img\/a\/AVvXsEgFRTPg2qQTPoKlY-0lQ4CIbCWTkeJs-ZhX46t5kEMzF0BFxRqB7KltJaZXWWSrgEc5gBsQkQfkypk82AfJEJzBWcRxNJRoNyqkriUGihCIUhVN4Elor1juoSbDOa0j51l2n9fK792LvDyfVJr0mXRLi9f1BXIzXMzfDZRfQkLM2z4SFNFPZY4obkCV8lmA=w640-h360\" alt=\"\"\/><\/a><\/figure>\n\n\n\n<p>Nico arrive 2h plus tard , juste au moment o\u00f9 nous sommes prets \u00e0 repartir. R\u00e9serves refaites sur le v\u00e9lo , petit r\u00e9glage du d\u00e9railleur arri\u00e8re, ready pour attaque le plat de r\u00e9sistance avec le fameux tryptique des grands cols.&nbsp;<\/p>\n\n\n\n<p>Les 2h de pause et le repas ont restaur\u00e9 le bon fonctionnement des jambes. Heureusement parce-qu&rsquo;on attaque un col de 10km d\u00e8s la sortie de Dignes. Joli col champ\u00eatre que l&rsquo;on attaque en compagnie d&rsquo;un autre concurrent : Julian. Julian a aussi un GPS Coros, on discute GPS , bugs et techniques de d\u00e9veloppement ( Julian est developpeur logiciel ) . C&rsquo;est agr\u00e9able de discuter \u00e0 trois et \u00e7a nous fait un peu oublier que \u00e7a monte.&nbsp;<\/p>\n\n\n\n<p>Arriv\u00e9e au sommet \u00e0 la tomb\u00e9e de la nuit.&nbsp;<\/p>\n\n\n\n<figure class=\"wp-block-image\"><a href=\"https:\/\/www.blogger.com\/u\/1\/blog\/post\/edit\/4033100494622481360\/5604692453901566419#\"><img decoding=\"async\" src=\"https:\/\/blogger.googleusercontent.com\/img\/a\/AVvXsEiQeXGmwxykFwu3KU_CBEMHZvf37Iw7FZ2b2_pppBbHi77FjVYtZynhBasDeCODG0iU4yS5yF8_2yRh25nE3YGm0BsiR9KmX5SDBjDNytxeA1ANCpUaoHqcsIq2-LL3UGmX4xqngZaNPiEP0C-7KZpiYfeQEpHuW4Yt_CK-lL_hqrJynP28y2XaRdpag-KM=w640-h480\" alt=\"\"\/><\/a><\/figure>\n\n\n\n<p>Nous avons re\u00e7u un SMS du PC s\u00e9curit\u00e9 de l&rsquo;organisation ( top ce PC s\u00e9curit\u00e9 ) pour nous prevenir que la descente est dangereuse. Rien de bien m\u00e9chant en fait, mais des passages bossel\u00e9s o\u00f9 il faut \u00e9viter d&rsquo;arriver trop vite.&nbsp;<\/p>\n\n\n\n<p>En bas de la descente, Julian d\u00e9cide de s&rsquo;arr\u00eater pour dormir. On continue avec Ludo , l&rsquo;objectif c&rsquo;est toujours le Col des Champs 70km plus loin.&nbsp;<\/p>\n\n\n\n<p>Partie \u00e0 nouveau vallonn\u00e9e avec de petits cols de 6\/10km. On arrive dans le Mercantour, c&rsquo;est le pays des loups et des patous qui courrent \u00e0 nos cot\u00e9s ( les patous hein pas les loups&nbsp;&nbsp;\ud83d\ude00 ! ) . Heureusement les patous sont derri\u00e8re des cl\u00f4tures mais vu la taille des bestioles je prie \u00e0 chaque fois pour que la cl\u00f4ture soit bien continue. Toute la montagne r\u00e9sonne des nombreux aboiements\/hurlements de chiens gardant leur troupeaux.&nbsp;<\/p>\n\n\n\n<p>Au d\u00e9tour d&rsquo;un virage , on croise &#8230; un raton laveur . Premier que je vois de toute ma vie !&nbsp;<\/p>\n\n\n\n<figure class=\"wp-block-image\"><a href=\"https:\/\/www.blogger.com\/u\/1\/blog\/post\/edit\/4033100494622481360\/5604692453901566419#\"><img decoding=\"async\" src=\"https:\/\/blogger.googleusercontent.com\/img\/a\/AVvXsEgc3o-PU6VzChi_esvcUz9OkzwpYt5qybjc5pYNgUp9D1dSsHvczB956bA2DwPVaLxVVngm6i-xT5po3UPAMje1USucZufiex848R72RljtOlhCO0beBqGqHCkEBp7gaFNDHaPCmGdF_F729ig5CWFjZAGWX2yV5n00_1uskcvicjxZ4a4gj5p6ScnW40A1=w640-h426\" alt=\"\"\/><\/a><\/figure>\n\n\n\n<p>A notre connaissance , il n&rsquo;y en a pas en France , on se dit avec Ludo que \u00e7a doit \u00eatre autre chose. Apr\u00e8s v\u00e9rification au retour , et bien si, il y a maintenant des ratons laveur dans la nature en Europe. Certainement des \u00e9migrants pour \u00e9chapper \u00e0 Donald Trump \ud83d\ude02.&nbsp;<\/p>\n\n\n\n<p>L&rsquo;heure avance, Ludo exprime des doutes sur notre capacit\u00e9 \u00e0 rejoindre le Col des Champs dans un horaire compatible avec un bivouac r\u00e9parateur. D&rsquo;autant qu&rsquo;il n&rsquo;a pas de masque pour dormir, il faut donc laisser assez de temps avant le lever du jour qui commence d\u00e8s 5h du matin. Comme je suis du genre tenace et que je me sens super bien \u00e0 ce moment, j&rsquo;argumente et on a du mal \u00e0 se mettre d&rsquo;accord.&nbsp;<\/p>\n\n\n\n<p>Bon, en attendant on continue.&nbsp;<\/p>\n\n\n\n<p>Apr\u00e8s une ni\u00e8me mont\u00e9e, on approche de Saint Andre des Alpes. Je jette un oeil \u00e0 l&rsquo;heure, et il faut se rendre \u00e0 l&rsquo;\u00e9vidence : Ludo a totalement raison , il faut rester raisonnable qui veut aller loin m\u00e9nage sa monture.&nbsp;<\/p>\n\n\n\n<p>On prend donc la bifurcation vers Saint Andr\u00e9 o\u00f9 nous trouvons de l&rsquo;eau et une belle zone de bivouac sur la place principale.&nbsp;<\/p>\n\n\n\n<figure class=\"wp-block-image\"><a href=\"https:\/\/www.blogger.com\/u\/1\/blog\/post\/edit\/4033100494622481360\/5604692453901566419#\"><img decoding=\"async\" src=\"https:\/\/blogger.googleusercontent.com\/img\/a\/AVvXsEiLqaj-cc5wyun1Iw1dJ-OnOw8DigKZr-9IRksnsafLWjHR4HlKNRF2Hd1SDrp0CZutcUICBprjBYw1WhAcFzBB2nanZn5Br6uBMncW1bv4KeJMQ8zzkEMHiorGIlH2kRd-mvcBng0i0MgyUHxy-bOU_UfB4Tq2BmCRE6RU3er8784PT4D8OODi58h2dJIG=w640-h480\" alt=\"\"\/><\/a><\/figure>\n\n\n\n<p>Premier bivouac en Bivy pour nous. L&rsquo;\u00e9quipement soigneusement selectionn\u00e9 s&rsquo;av\u00e8re tr\u00e8s confortable. Moi qui suis ultra sensible du dos , aucune douleur au r\u00e9veil apr\u00e8s 3h de sommeil r\u00e9parateur.&nbsp;<\/p>\n\n\n\n<p>Il y a un bar et une patisserie, la patisserie vend les meilleurs viennoiseries que j&rsquo;ai eu l&rsquo;occasion de manger . Une tuerie ! Avec un double expresso \/ jus d&rsquo;orange au bar , la journ\u00e9e d\u00e9bute tr\u00e8s bien \ud83d\ude00 . Tr\u00e8s joli coin d&rsquo;ailleurs Saint Andr\u00e9 des Alpes , il faudra y retourner.&nbsp;<\/p>\n\n\n\n<p>On reprend le parcours, avec la fin de la descente puis un passage dans une belle vall\u00e9e pour rejoindre le Col des Champs en d\u00e9but de matin\u00e9e. Une voiture vient \u00e0 notre hauteur pour nous encourager, beaucoup de gens semblent conna\u00eetre la RAF et sa difficul\u00e9. Sympa, \u00e7a fait plaisir !&nbsp;<\/p>\n\n\n\n<p>On d\u00e9passe un concurrent mont\u00e9 sur un Lapierre Vintage \u00e0 fourche acier en arrivant au pied du col. Petite erreur de parcours , on loupe un virage que l&rsquo;autre concurrent n&rsquo;oublie pas de prendre. Il oublie par contre de nous faire signe le rascal. Les GPS bipent, on revient rapidement sur le bon parcours et Ludo le remercie ne ne pas nous avoir pr\u00e9venu. Bon, 99% des concurrents sur ultra sympas , ce type d&rsquo;\u00e9preuve est une oasis un bienveillance dans un monde de brute. Mais il y a toujours une exception .&nbsp;<\/p>\n\n\n\n<p>On le repasse, puis un concurrent rapide nous double. Notre fameux ami lui emboite le pas, ils montent \u00e0 200W. On pourrait suivre mais on le paierait surement plus tard, donc on reste dans nos objectifs de puissance. Ce col est magnifique : champ\u00e8tre, plein de fleurs, vraiment tr\u00e8s agr\u00e9able et la vue devient superbe au fur et \u00e0 mesure qu&rsquo;on monte.&nbsp;<\/p>\n\n\n\n<p>Ludo a un petit temps plus faible, je prends un peu d&rsquo;avance et &#8230;. je reviens au 3\/4 de la mont\u00e9e sur Annis , le fameux adversaire. Notre technique de mont\u00e9e au capteur de puissance fait donc ses preuves, j&rsquo;\u00e9tais \u00e0 peu pr\u00e8s sur qu&rsquo;il ne tiendrait pas le rythme. Son v\u00e9lo fait un bruit d&rsquo;enfer, il m&rsquo;explique que son moyeu arri\u00e8re est HS depuis la veille. Comme je ne suis pas rancunier, on discute . Pas si antipathique que \u00e7a Annis en fait , il est surtout fatigu\u00e9 . On se prend en photo mutuellement au sommet , vite rejoint par Ludo.&nbsp; De nombreux concurrents font une petite pause ici pour contempler les beaux paysages. Des chemins de gravel passent en contre bas et nous sommes nombreux \u00e0 se dire que cette mont\u00e9e doit \u00eatre sympa aussi en gravel.&nbsp;<\/p>\n\n\n\n<figure class=\"wp-block-image\"><a href=\"https:\/\/www.blogger.com\/u\/1\/blog\/post\/edit\/4033100494622481360\/5604692453901566419#\"><img decoding=\"async\" src=\"https:\/\/blogger.googleusercontent.com\/img\/a\/AVvXsEiL9y1M6PemmiAdNST16kgYSartlyQBsgMNhuxo-OdmUCSV4s8vNyQlTUTk0iourHoubgdiaTOjRiw-RgK0FwDi2qXTCA0WeCJecJNLQ1ViKynUJ0WZl2ttr0QMCMX4-S-cTPq6l8-OgPaUW77_CsIZJSOCFkgoQ3qYt3C0gQ0lqHpcT5_EBChbFjx3cKpN=w640-h480\" alt=\"\"\/><\/a><\/figure>\n\n\n\n<figure class=\"wp-block-image\"><a href=\"https:\/\/www.blogger.com\/u\/1\/blog\/post\/edit\/4033100494622481360\/5604692453901566419#\"><img decoding=\"async\" src=\"https:\/\/blogger.googleusercontent.com\/img\/a\/AVvXsEiW2x1J_ySWo7qdA4oaBDCAbYiCpaDOSCLtlh9yoZl9GsOPEMKmUuvKkCS24QgJ3K5kA2oDLTl8bKw_VJp76Hk8LaFzppjkR4EoRFub2fV6AEAumvyRJLZkNVN05nMBVrnDgqc4tXGpnIe7YvBp1eah9983wLLw7Cn0SiMuqPjr1llhrM2YwFJMcIABHXRh=w640-h360\" alt=\"\"\/><\/a><\/figure>\n\n\n\n<figure class=\"wp-block-image\"><a href=\"https:\/\/www.blogger.com\/u\/1\/blog\/post\/edit\/4033100494622481360\/5604692453901566419#\"><img decoding=\"async\" src=\"https:\/\/blogger.googleusercontent.com\/img\/a\/AVvXsEhHtSV813LuTgdDFT_wqmTiu-t1sAdN1vMzQ92vGcqc6D8RjGaB_PPJukYffHWqGc93naShMr04X4QE4U2wM4ivw1aUeakAZmWwYCC-NZ3VvwAXfCY3BqfA-vmYuSwZKkN3hVwTwjaqsKnV09M5dsw44ZrwE1WCM9U_AgSvko-Qy6MS9ImdvOYDY8VDEKdm=w640-h360\" alt=\"\"\/><\/a><\/figure>\n\n\n\n<figure class=\"wp-block-image\"><a href=\"https:\/\/www.blogger.com\/u\/1\/blog\/post\/edit\/4033100494622481360\/5604692453901566419#\"><img decoding=\"async\" src=\"https:\/\/blogger.googleusercontent.com\/img\/a\/AVvXsEhceh42obJRfHBkDQax0jyOQlo8NPOGLYcZGPonAIBTeaiT7FyZViQLhiaHqzCzM5taGZE-OwyIHkNMvrJhfegfDowV8-clLLy4peMpNdmW7HqFRYlOis1gYJeZmqtHMEh9fqtw4WetEHtniMPdlHJDNx6RGYjaQ3iemNstbdL0XF3wbUkGF0ucQbP8cN59=w640-h360\" alt=\"\"\/><\/a><\/figure>\n\n\n\n<p>Belle descente fluide et rapide o\u00f9 Ludo prend de l&rsquo;avance. Je le rejoins en bas o\u00f9 il en profite pour enlever les couches superflues pour attaquer un gros plat de resistance : le Col de la Cayolle. Le plus dur en pourcentage moyen dans le tryptique Col des Champs\/Cayolle\/Bonnette.&nbsp;<\/p>\n\n\n\n<p>La mont\u00e9e commence quasi imm\u00e9diatement , d&rsquo;abord en pente douce ( 3\/4% ) sur les premiers km jusqu&rsquo;\u00e0 rejoindre le \u00ab\u00a0vrai\u00a0\u00bb pied de la mont\u00e9e.&nbsp;<\/p>\n\n\n\n<p>Ludo s&rsquo;arr\u00eate dans un village au pied du col sur une terrasse, pendant que je d\u00e9cide de continuer, je me sens bien et je suis un peu obs\u00e9d\u00e9 \u00e0 l&rsquo;id\u00e9e de boucler les trois cols dans la journ\u00e9e afin d&rsquo;avoir une derni\u00e8re journ\u00e9e plus \u00ab\u00a0soft\u00a0\u00bb en terme de d\u00e9nivel\u00e9 .&nbsp;<\/p>\n\n\n\n<p>Il est costaud ce col de la Cayolle . Pourcentage moyen \u00e0 plus de 7% , mais compte-tenu de la premi\u00e8re partie en pente douce , c&rsquo;est plut\u00f4t du 8\/9% constant sur les 17 derniers kms. Le tout par 35\u00b0 \u00e0 l&rsquo;ombre, c&rsquo;est du lourd et \u00e7a fatigue bien. En surchauffe, je fais une pause \u00e0 l&rsquo;ombre pr\u00e8s d&rsquo;un torrent o\u00f9 je mets la t\u00eate sous la cascade trempant bien aussi le maillot la casquette. Ca fait un bien fou.&nbsp;<\/p>\n\n\n\n<p>Je me fais doubler par quelques concurrents qui montent plus vite, mais s&rsquo;arr\u00eatent tous les 2 km. Je les verrai repasser 10 fois et on rejoint finalement le sommet en m\u00eame temps. Comme quoi il y a plein de techniques diff\u00e9rentes. Moi c&rsquo;est plut\u00f4t la version diesel \ud83d\ude00 . Pendant la mont\u00e9e, un concurrent me dit \u00a0\u00bb il y a un bar \u00e0 2km\u00a0\u00bb . Je visualise d\u00e9j\u00e0 le Perrier frais. Pas de bol il est ferm\u00e9 le bar , mais il y a une fontaine sur le parking avec de l&rsquo;eau bien fra\u00eeche qui fait le job.&nbsp;<\/p>\n\n\n\n<p>Un concurrent qui est l\u00e0 depuis 1\/4h avec le pied sous l&rsquo;eau pour le faire d\u00e9gonfler m&rsquo;aide \u00e0 remplir le r\u00e9servoir du v\u00e9lo ainsi que ma flasque souple fix\u00e9e sur le gilet .&nbsp;<\/p>\n\n\n\n<p>Apr\u00e8s un long effort, voil\u00e0 enfin de le sommet. Avec la chaleur , j&rsquo;ai laiss\u00e9 beaucoup de forces dans cette mont\u00e9e. Je fais une bonne pause pour \u00eatre en forme pour la descente qui s&rsquo;annonce longue.&nbsp;<\/p>\n\n\n\n<figure class=\"wp-block-image\"><a href=\"https:\/\/www.blogger.com\/u\/1\/blog\/post\/edit\/4033100494622481360\/5604692453901566419#\"><img decoding=\"async\" src=\"https:\/\/blogger.googleusercontent.com\/img\/a\/AVvXsEgVOH2DWtviyZHQ-7fK4esu1vtTf5flsACJVghDRmCs7mksVqd7Kenl4Pp69Cjg94rd_hLU1jt2y-jjc_jfjs10UEuL0M5cfZLli6Kg4RnQGa2993fnT_lmu669pq1kP0W3kC74C3X5agLGy9wxrP1IILiItcuqvpBHxmLKFueH5kEWGsCsIYAXtyG-77Ws=w640-h360\" alt=\"\"\/><\/a><\/figure>\n\n\n\n<figure class=\"wp-block-image\"><a href=\"https:\/\/www.blogger.com\/u\/1\/blog\/post\/edit\/4033100494622481360\/5604692453901566419#\"><img decoding=\"async\" src=\"https:\/\/blogger.googleusercontent.com\/img\/a\/AVvXsEimR2QQ_uu3K0-ef8atYl5J5REpxtneP0l8B2m5TQs9WWD0rUoto38uzO6BPu_rKkiwPsIBYmDcs6GkNdgeB9V7fG6DUKD3yqBBkaAbrde7NYX5Q52iN8txeX5KfEtSSRv9pBjOC8UAO4N566zBp-ErsZ1MobCPM8nA5ngb7-pEHzwbexe0elSFQUq-P-dD=w640-h360\" alt=\"\"\/><\/a><\/figure>\n\n\n\n<figure class=\"wp-block-image\"><a href=\"https:\/\/www.blogger.com\/u\/1\/blog\/post\/edit\/4033100494622481360\/5604692453901566419#\"><img decoding=\"async\" src=\"https:\/\/blogger.googleusercontent.com\/img\/a\/AVvXsEgXEsOoWNDNrfr7T5QbZdpxM_pE4AJOMnS7ZdcpcWdFvGMXcPoiBwDstx9324Vn0pEmgPvtjzB1iaZvKzysMF2Yo9jF-O5bTvc1eH-3N6Na2pN4ale7fUdljqeqeXYvDNDZfjEkShW5wcRyBMR7QM1DIBLpU7BeJORKFBejT-ZEEdCyMfkVTFETGqUx_tEQ=w640-h360\" alt=\"\"\/><\/a><\/figure>\n\n\n\n<p>La descente se fait dans la vall\u00e9e de l&rsquo;Ubbaye . Paysages MA-GNI-FIQUES !&nbsp;<\/p>\n\n\n\n<figure class=\"wp-block-image\"><a href=\"https:\/\/www.blogger.com\/u\/1\/blog\/post\/edit\/4033100494622481360\/5604692453901566419#\"><img decoding=\"async\" src=\"https:\/\/blogger.googleusercontent.com\/img\/a\/AVvXsEhk27aYX2AxIysUwmgheboD6rp4A39kSbEwhZsYHRtlnksGnVc6gqCiklKgkPy4D734llvQRtYplEA0e2WhJ_QQv7K8Dn0UK26eY9G_U-fdgKYJ0DPcSJ4lzdK3PWGj7Zfex5iijB8mF9z9s1Dm2UZr1qUppji7k5q46r4U7M6wXWDGBAVnHucwu5TtLl62=w360-h640\" alt=\"\"\/><\/a><\/figure>\n\n\n\n<figure class=\"wp-block-image\"><a href=\"https:\/\/www.blogger.com\/u\/1\/blog\/post\/edit\/4033100494622481360\/5604692453901566419#\"><img decoding=\"async\" src=\"https:\/\/blogger.googleusercontent.com\/img\/a\/AVvXsEiMcEFARLW5cMhxZYjWEczSR4pn76i3oTF4Y7O46vzD0FSPmfKZi8w40fO_EFIqy5QdJeU7szDiepK4MxjfQAc8mErHtynnTPPRsrNfhL2LX8OdjdI2aPAgKPWQ3U7ddCynihKQvKkaG0N7_DiENVF2Wt_0Rur2UFiq51pBKgcaOvahnpxEE5rIa_E6uUoq=w480-h640\" alt=\"\"\/><\/a><\/figure>\n\n\n\n<figure class=\"wp-block-image\"><a href=\"https:\/\/www.blogger.com\/u\/1\/blog\/post\/edit\/4033100494622481360\/5604692453901566419#\"><img decoding=\"async\" src=\"https:\/\/blogger.googleusercontent.com\/img\/a\/AVvXsEgdIZqofcJyGS5RFuqPxk9k8kopr8az8aDq6m6WndNUn6AmQm-3_kpQB_rHf4YKyJGXOkrO2moCD3ETe4FDBU-0aqKMbcc0D-vY5iJ0d8gdMqarKym4_d5TznaAoiW252bDyakCe8IPP3wIhbWJfTXjBmf0A4xY900EQNcjGQaEBOzAXuJsstJ5nCi8lnyZ=w360-h640\" alt=\"\"\/><\/a><\/figure>\n\n\n\n<figure class=\"wp-block-image\"><a href=\"https:\/\/www.blogger.com\/u\/1\/blog\/post\/edit\/4033100494622481360\/5604692453901566419#\"><img decoding=\"async\" src=\"https:\/\/blogger.googleusercontent.com\/img\/a\/AVvXsEjQvBCOcvweusLwOWbAUn2VYs5cfIIphM8bohqtzsyb-Hic4mxSkxoH62wLKvn6UzQkPnJXp8xY27hQaXdkL1lX--7b77ykkSWOW31roUjzvumBwXLWSlt_99rIIEH3xYA8LrCQ4LL8fb1DCvIIeEMy8Ox4xaQMvX1BNVz-A2qUX1h1jIb5gnu-a5YxzS9g=w640-h360\" alt=\"\"\/><\/a><\/figure>\n\n\n\n<p><br>La premi\u00e8re partie est assez \u00e9troite et technique , je descends avec un groupe de touristes \u00e9quip\u00e9s de v\u00e9los electriques. La fin de la descente est plus large et rapide.&nbsp;<\/p>\n\n\n\n<p>Il fait toujours aussi chaud, et m\u00eame de plus en plus. La descente nous m\u00e8ne \u00e0 Barcelonnette puis Jausiers 7km plus loin o\u00f9 se situe la seconde base vie au pied de la Bonnette.&nbsp;<\/p>\n\n\n\n<p>Lors du briefing de d\u00e9part, l&rsquo;organisation nous a pr\u00e9venu que la base vie de Jausiers n&rsquo;\u00e9tait pas \u00ab\u00a0une vraie base vie\u00a0\u00bb . C&rsquo;est juste un ravito en gros nous ont-ils expliqu\u00e9, pas de dortoir , sanitaires etc &#8230;.&nbsp;<\/p>\n\n\n\n<p>Echaud\u00e9 par la base de Dignes, je m&rsquo;attends donc au pire visualisant une table avec des abricots secs au bord du chemin. Je d\u00e9cide de m&rsquo;arr\u00eater dans un resto \u00e0 Barcelonnette pour assurer un bon repas reconstituant. Nous sommes nombreux \u00e0 avoir eu la m\u00eame id\u00e9e, il y a plein de raffeurs d\u00e9j\u00e0 attabl\u00e9s.&nbsp;<\/p>\n\n\n\n<p>Il est 15h30 , il ne reste plus grand chose mais le patron me propose un panini. Pendant qu&rsquo;il le pr\u00e9parer , je d\u00e9guste un Perrier frais sur la terrasse et je vois Ludo arriver pour me rejoindre.&nbsp;<\/p>\n\n\n\n<figure class=\"wp-block-image\"><a href=\"https:\/\/www.blogger.com\/u\/1\/blog\/post\/edit\/4033100494622481360\/5604692453901566419#\"><img decoding=\"async\" src=\"https:\/\/blogger.googleusercontent.com\/img\/a\/AVvXsEgUeIOwNBm7jD4BCar99q6fpJKTrMEPH_aVTm8-x81vaB1JWn5Ql4PH1O5SG61m_2x8qs2HUPeOZcI6OCiJ7pO24623GKxNPDJdG5-INsxk9lyeZjZeDQgw8Vj6SUOy43qNl9725pEyW7LLddQQYjcVIVBXoB6zG1MD9CxeoUwSwyIMVN6_ZiI3Nxre4oL_=w640-h360\" alt=\"\"\/><\/a><\/figure>\n\n\n\n<p>Comme toujours cette pause fait beaucoup de bien , nous repartons pour quelques minutes direction Jausiers sur un profil globalement descendant.&nbsp;<\/p>\n\n\n\n<p>Arriv\u00e9e \u00e0 la base vie qui se r\u00e9v\u00e9le &#8230;. top . Dans un beau batiment climatis\u00e9, avec des sanitaires propres , une dame b\u00e9n\u00e9vole ultra sympa et efficace qui nous pr\u00e9pare des sandwichs frais et tout ce qu&rsquo;il faut pour se restaurer.&nbsp; Je fais encore un sort aux past\u00e8ques et aux bananes . La dame me pr\u00e9pare des sandwichs coup\u00e9s et emball\u00e9s pour le diner. Cool ! Julian nous a rejoint et on mange ensembles.&nbsp;<\/p>\n\n\n\n<p>J&rsquo;en profite pour v\u00e9rifier la charge de ma powerbank pour la nuit. La dynamo charge la powerbank qui elle alimente en USB ma lampe avant ( Klamp EXR 1100 ). Gros int\u00e9r\u00eat du montage : \u00e0 moyenne puissance d&rsquo;\u00e9clairage suffisante dans 99% des cas , la dynamo charge plus que la lampe consomme , donc autonomie d&rsquo;\u00e9clairage infinie.&nbsp;<\/p>\n\n\n\n<p>Sauf que : malgr\u00e9 le r\u00e9gulateur de la dynamo ( Igaro D2 , le top du top il parait ) , la vitesse de la descente semble avoir g\u00e9n\u00e9r\u00e9 un courant de charge trop elev\u00e9 pour la powerbank ! . Elle est HS est ne d\u00e9bite plus de courant, le temoin de charge indique 100% mais clignote bizarrement.&nbsp; Merde ! Plus d&rsquo;\u00e9clairage. Enfin pas vraiment ; j&rsquo;ai bien s\u00fbr ma frontale Stoots, et j&rsquo;ai une petite powerbank de secours que je m&#8217;empresse de charger et brancher sur la dynamo en priant pour que \u00e7a tienne.&nbsp;<\/p>\n\n\n\n<p>Ludo va en ville \u00e0 la recherche de boules Qies, je tente de trouver une powerbank pour assurer mais rien de dispo , trop petit village.&nbsp;<\/p>\n\n\n\n<p>La news du jour c&rsquo;est que des orages sont annonc\u00e9s dans le coin. Avec beaucoup d&rsquo;infos contradictoires. Pas d&rsquo;alerte du PC s\u00e9curit\u00e9 et les b\u00e9n\u00e9voles nous disent que \u00e7a passe ce soir sur la Bonnette, juste un risque d&rsquo;orage sec. Ludo a envie de se reposer et moi j&rsquo;ai envie de passer la Bonnette avec toujours cet obnectif d&rsquo;une derni\u00e8re journ\u00e9e sans grand col.&nbsp;<\/p>\n\n\n\n<p>Pour \u00eatre transparent mais je ne rentrerai pas les d\u00e9tails , j&rsquo;ai aussi re\u00e7u des mauvaises nouvelles personnelles par SMS. Ca tourne dans ma t\u00eate depuis des heures et j&rsquo;ai envie d&rsquo;arriver au plus vite.&nbsp;<\/p>\n\n\n\n<p>Ludo reste donc pour dormir, pendant que je prends la route pour monter ce col impressionnant qui culmine \u00e0 2802m , plus haute route d&rsquo;Europe.&nbsp;<\/p>\n\n\n\n<p>D\u00e8s le d\u00e9but de la mont\u00e9e, je vois les nuages noirs et j&rsquo;entends des coups de tonnerre lointains. Julian passe, il commence \u00e0 pleuvoir. On s&rsquo;arr\u00eate pour mettre les v\u00e9tements de pluie , le soleil revient \ud83d\ude00 . Vu la chaleur, nouvel arr\u00eat pour tout enlever.&nbsp;<\/p>\n\n\n\n<p>Julian est plus en forme que moi et me distance petit \u00e0 petit. L&rsquo;orage, le moral en berne combin\u00e9s vont faire de cette mont\u00e9e un des pires calvaires de ma vie. Des larmes coulent, je suis fatigu\u00e9 , vid\u00e9 d&rsquo;un coup. Mais je continue de p\u00e9daler au prix d&rsquo;un effort mental surhumain. Je suis seul dans cette montagne impresionnante et min\u00e9rale, avec le soleil qui se couche petit \u00e0 petit. J&rsquo;ai l&rsquo;impression d&rsquo;\u00eatre sur une plan\u00e8te inconnue. Sensations \u00e9tranges dont je me souviendrai toute ma vie. La pente est parfois plus dure, mes jambes tirent , c&rsquo;est dur. Mais l&rsquo;espoir est de l&rsquo;autre cot\u00e9 de la montagne , je dois y arriver, je vais chercher tout au fond de moi des ressources inconnues pour avancer. C&rsquo;est une exp\u00e9rience personnelle particuli\u00e8re, je repense aux 6 derniers mois , \u00e0 ce d\u00e9part de Stellantis si frustrant m\u00eame si r\u00e9alis\u00e9 dans de bonnes conditions, \u00e0 ces mauvaises nouvelles que j&rsquo;ai peine \u00e0 croire . Je dois rejoindre ce sommet pour basculer dans la descente et d\u00e9marrer une nouvelle phase , non seulement de la course mais de ma vie d&rsquo;homme. Temp\u00eate dans une t\u00eate pendant que l&rsquo;orage gronde.&nbsp;<\/p>\n\n\n\n<p>Je suis poursuivi par un nuage de mouches , elles sont des centaines, c&rsquo;est un enfer. Je garde la t\u00eate baiss\u00e9e pour ne pas les avaler tout en tentant de les chasser de la main mais elles reviennent. Heureusement, avec la nuit qui tombe, la convection est termin\u00e9e et les nuages se dissolvent. L&rsquo;atmosph\u00e8re lourde redevient normale et les mouches disparaissent enfin.&nbsp;<\/p>\n\n\n\n<p>Je d\u00e9passe une concurrente qui tourne les jambes tr\u00e8s doucement sur un developpement manifestement trop gros. Je l&rsquo;encourage et cette petite rencontre chasse un peu les id\u00e9es noires. Les jambes reviennent un peu aid\u00e9es par un gel, je tombe quelques dents et acc\u00e9l\u00e8re en danseuse. M\u00eame methode que pour la Montagne de Lure, j&rsquo;ai d\u00e9sormais envie d&rsquo;arriver le plus vite possible et je passe de 150 \u00e0 200W gagnant plusieurs km\/h.&nbsp;<\/p>\n\n\n\n<p>Je rejoins Julian et un autre concurrent au sommet , non sans avoir failli tomber \u00e0 cause de cailloux eboul\u00e9s . Julian m&rsquo;informe que le PC securit\u00e9 nous a appel\u00e9 , la descente est ferm\u00e9e , l&rsquo;orage est tomb\u00e9 de ce cot\u00e9 et il y a de la neige, des eboulements et des inondations. Je ne captais rien dans la mont\u00e9e, et effectivement j&rsquo;ai un message du PC s\u00e9curit\u00e9 sur mon r\u00e9pondeur. Je les rappelle, ils me disent de ne pas bouger.&nbsp;<\/p>\n\n\n\n<p>Ben voyons , je ne vais pas passer la nuit ici \u00e0 2802m ! Sinon tu peux redescendre me dis Sebastien du PC s\u00e9curit\u00e9. Ah non les gars, je ne vais pas redescendre la plus dure mont\u00e9e de ma vie ! Bon , on voit avec les gendarmes et on te rappelle.&nbsp;<\/p>\n\n\n\n<p>Entre temps , Marielle, la concurrente doubl\u00e9e dans la mont\u00e9e arrive \u00e0 son tour. C&rsquo;est le moment que choisit ma lampe pour s&rsquo;\u00e9teindre : plus de batterie , la dynamo ne charge pas dans une mont\u00e9e \u00e0 6\/7 km\/h . Pas dramatique , j&rsquo;ai toujours la frontale mais \u00e7a commence \u00e0 faire beaucoup de probl\u00e8mes en m\u00eame temps. Normalement, la dynamo devrait recharger suffisamment la powerbank en quelques km de descente donc tout espoir n&rsquo;est pas perdu. Mais vu que qui semble se profiler dans la descente, c&rsquo;est quand m\u00eame pas id\u00e9al.&nbsp;<\/p>\n\n\n\n<p>Je sors toutes les couches y compris la doudoune.&nbsp;<\/p>\n\n\n\n<figure class=\"wp-block-image\"><a href=\"https:\/\/www.blogger.com\/u\/1\/blog\/post\/edit\/4033100494622481360\/5604692453901566419#\"><img decoding=\"async\" src=\"https:\/\/blogger.googleusercontent.com\/img\/a\/AVvXsEjk0Hvs3fePgkJ0sjhQllCzXwKRno4RJGOHIuf0VHtVUxIvzqPSFZgP2kKuhcils5wFOsJqQN8JIGvXsq83JNQmf_EeWnHuP0cs_IPQ2mB5rMQSmbdeV0umIhxmX0xwcWv-hKMBlB-EAxmHMrw1PM8iNYXDEXTKMastAFN0sXtrgEyXOziK0Peut5cioqaY=w640-h360\" alt=\"\"\/><\/a><\/figure>\n\n\n\n<figure class=\"wp-block-image\"><a href=\"https:\/\/www.blogger.com\/u\/1\/blog\/post\/edit\/4033100494622481360\/5604692453901566419#\"><img decoding=\"async\" src=\"https:\/\/blogger.googleusercontent.com\/img\/a\/AVvXsEh7wrPs-lph1RTxJ-yVPro_7vF02h3DSzxyYTnQaqaJ2m0Q-Lu9RM4N9i5vHCC9jZ-ihbHheH_9bSSQ6BrAIkUFKkqPMANll7tMPvVtKEnuKsv9xU9RSM7nmyU7FuFsZvocGy_1BtgInP9Xe5imyzsosT9HSH_1nDPMcle48x0RHTltng_e56oiLBH2qc1x=w640-h360\" alt=\"\"\/><\/a><\/figure>\n\n\n\n<p>Le PC me rappelle : les gendarmes ont d\u00e9gag\u00e9 la route, on peut descendre mais avec prudence car il y a de la neige, des inondations . Marielle me propose qu&rsquo;on descende ensembles pour profiter de son \u00e9clairage 100% fonctionnel ce que j&rsquo;accepte avec grand plaisir.&nbsp;<\/p>\n\n\n\n<p>C&rsquo;est partir prudemment pour la descente. Effectivement on roule dans la gr\u00eale fondue , puis parfois dans 10 cm d&rsquo;eau. Impossible de prendre beaucoup de vitesses, du coup c&rsquo;est tr\u00e8s fatiguant car on est sur les freins. Au bout de 4km \u00e0 peine, je peux de nouveau alimenter la lampe , \u00e7a va d\u00e9j\u00e0 beaucoup mieux et j&rsquo;ouvre la route pour Marielle.&nbsp;<\/p>\n\n\n\n<p>La descente fait 70km , mais heureusement , il y a Saint Etienne de Tin\u00e9e au bout de 20km. Apr\u00e8s 10 km de descente , on peut l\u00e2cher un peu les v\u00e9los , le gros des d\u00e9gats caus\u00e9s par l&rsquo;orage est pass\u00e9. On rejoint Julian et un autre concurrent \u00e0 l&rsquo;entr\u00e9e de Saint Etienne.&nbsp;<\/p>\n\n\n\n<p>Je d\u00e9cide de m&rsquo;arr\u00eater dormir alors que je comptais initialement aller jusqu&rsquo;en bas des 70km. Je suis \u00e9puis\u00e9 par le stress des derniers \u00e9venements. Je trouve une aire de jeu pour enfants avec un sol souple, trop fatigu\u00e9 pour gonfler le matelas , je m&rsquo;endors 2h dans le Bivy avec la doudoune apr\u00e8s avoir aval\u00e9 un paquet de noix de cajoux et les sandwichs propos\u00e9s par notre b\u00e9n\u00e9vole de Jausiers.&nbsp;<\/p>\n\n\n\n<p>Malgr\u00e9 les boules Quies, je note que j&rsquo;ai choisi un endroit \u00e0 50m du clocher qui ne manque pas de sonner les heures \ud83d\ude28.<\/p>\n\n\n\n<p>R\u00e9veil \u00e0 3h , je ne me sens pas si mal. Je remballe le mat\u00e9riel et je reprends la route. J&rsquo;ai juste gard\u00e9 le gilet thermique que j&rsquo;enl\u00e8ve car \u00e7a monte pour sortir de Saint Etienne , j&rsquo;ai trop chaud. Je n&rsquo;aurais pas besoin de le remettre pour les 50 km de descente ( l\u00e9g\u00e8re ) qui suivent . Il fait bon cette nuit . Je p\u00e9dale dans la descente pour maintenir les jambes en temp\u00e9rature et la vitesse oscille entre 30 et 50km\/h pendant 2h.&nbsp;<\/p>\n\n\n\n<p>Ca remonte bien la moyenne, \u00e0 ce train l\u00e0 , je devrais arriver en d\u00e9but d&rsquo;apr\u00e8s-midi \u00e0 Mandelieu.&nbsp;<\/p>\n\n\n\n<p>Je n&rsquo;ai pas trouv\u00e9 de point d&rsquo;eau \u00e0 Saint Etienne de nuit, les r\u00e9serves diminuent. J&rsquo;ai une application sp\u00e9cialis\u00e9e sur mon t\u00e9l\u00e9phone ( Organic Maps ) , je rep\u00e8re un point d&rsquo;eau \u00e0 Touet sur Var qu&rsquo;il ne faudra pas louper.&nbsp;<\/p>\n\n\n\n<figure class=\"wp-block-image\"><a href=\"https:\/\/www.blogger.com\/u\/1\/blog\/post\/edit\/4033100494622481360\/5604692453901566419#\"><img decoding=\"async\" src=\"https:\/\/blogger.googleusercontent.com\/img\/a\/AVvXsEjehvxVMa-99onQtw3HJhAQ-MU4LD8_Oxikunk4Oj2X5k70vuYI8gxpCqsNnCIuipA7AcmjkUq1xL8eyGfrybDDYftA2mjEbazoRwIj37TukFAFMIbGuSWhGbvtMEAZJnFkVIU7roAxiBeogOrC4c301JLKo1hOpa5DR_BI1h38GlDhf8NWEIM1IrukibXU=w640-h360\" alt=\"\"\/><\/a><\/figure>\n\n\n\n<figure class=\"wp-block-image\"><a href=\"https:\/\/www.blogger.com\/u\/1\/blog\/post\/edit\/4033100494622481360\/5604692453901566419#\"><img decoding=\"async\" src=\"https:\/\/blogger.googleusercontent.com\/img\/a\/AVvXsEhw4rNgsKYAhOxIVBC-sLJpcjDe-xIMg-mfnXslDDtXiRWcsA1OvE1H5-P8li-f2nNEi3_tiXhC3JBHBy3bJiur2-nKbntalvjtZqd1og637l7ND1ypb5hOUBRsUMgfobxNS76RowlPcdgw0Q05pnuB1W7KelnYRG_N1e5abskBxmlCXhPd5eQOQ3a2vgrB=w640-h360\" alt=\"\"\/><\/a><\/figure>\n\n\n\n<p>On est pass\u00e9 de 2800 \u00e0 400m d&rsquo;altitude. Nous voil\u00e0 dans le Var, mais il reste maintenant 7 cols moyens jusqu&rsquo;\u00e0 l&rsquo;arriv\u00e9e. 2500m de D+ sur les 18.000 de l&rsquo;\u00e9preuve. Rien d&rsquo;insurmontable mais pas anodin quand m\u00eame .&nbsp;<\/p>\n\n\n\n<figure class=\"wp-block-image\"><a href=\"https:\/\/www.blogger.com\/u\/1\/blog\/post\/edit\/4033100494622481360\/5604692453901566419#\"><img decoding=\"async\" src=\"https:\/\/blogger.googleusercontent.com\/img\/a\/AVvXsEhgqOKGGnrV7VlBQG5Jf8GmAv2k0yxb6yuh3JN0KbT3-toFyH89ajHQuoHtu7jwp4Lx637MHcwSDw1arrho9dCQq91wL6ZykPN1wfzrnE8QLZ8IW7jaCp3VDnNDUc9ktcS6iXjgUXxUbfDPsQkQHA-rBcGiQtg3KeooxMZUaMONXuhvWFhhSGzv6kpg_gCn=w640-h360\" alt=\"\"\/><\/a><\/figure>\n\n\n\n<p>Le point d&rsquo;eau de Touet sur Var est tout en haut du village m\u00e9dieval, \u00e7a me rajoute 100m de D+ mais je fais le plein. Je redescend et voit plein de concurrents arr\u00e9t\u00e9s pour le petit d\u00e9j \u00e0 une terrasse au soleiL&nbsp; Zut, j&rsquo;aurais fait 100m de plus , j&rsquo;\u00e9vitais de perdre 1\/2h pour faire le plein d&rsquo;eau. Mais bon pas de regrets, il faut assurer pour l&rsquo;eau avec cette chaleur. Bon petit d\u00e9j reconfortant avec une patronne du bar juste adorable et aux petits soins.&nbsp;<\/p>\n\n\n\n<p>Au moment de repartir impossible de retrouver mes lunettes ! J&rsquo;ai du les poser qqpart . On cherche , rien . Pas possible de rouler sans lunettes avec ce soleil , j&rsquo;en rach\u00eate une paire au bureau de tabac pour 15 euros , ouf.&nbsp;<\/p>\n\n\n\n<p>J&rsquo;ai aussi perdu mes gants courts depuis la veille ce qui va me valoir des br\u00fblures aux mains avec le soleil.&nbsp;<\/p>\n\n\n\n<p>C&rsquo;est reparti pour le rush final . Chaleur extr\u00e8me aujourd&rsquo;hui mais paysages extraordinaires sur la route des Trente Pas .&nbsp;<\/p>\n\n\n\n<p>Le premier col se profile , les jambes tirent et \u00e7a couine un peu dans la transmission. Arr\u00eat \u00e0 l&rsquo;ombre pour mettre de l&rsquo;huile . Deux concurrents passent et m&rsquo;interpellent \u00a0\u00bb allez viens avec nous on t&rsquo;attend !\u00a0\u00bb . Je monte sur le v\u00e9lo et les rejoints. Dimitri et un ami sont sur le 2500 , ce que je vois \u00e0 leur plaque de cadre jaune ( orange pour nous ) . On discute , et \u00e7a me fait tout oublier : mes jambes et les soucis. Comme quoi le moral est la clef de tout. Je r\u00e9alise aussi que le 2500 c&rsquo;est un autre niveau : ils montent \u00e0 plus de 200W et m&rsquo;expliquent que c&rsquo;est leur rythme de base. Magiquement, le simple fait de les avoir rencontr\u00e9s et leur sympathie a totalement restaur\u00e9 mes forces. Je n&rsquo;ai aucune peine \u00e0 les suivre et comme nous somme sur le rush final , plus la peine de limiter le r\u00e9gime. On va rouler ainsi 2h , montant les premi\u00e8res difficult\u00e9s de la journ\u00e9e sur un gros tempo qui me permet de rattraper de nombreux concurrents qui m&rsquo;avaient d\u00e9pass\u00e9s pr\u00e9cedemment.&nbsp;<\/p>\n\n\n\n<p>On rejoint aussi une concurrente accompagn\u00e9e de deux autres concurrents. Il s&rsquo;agit d&rsquo;Alexia , dossard 1081 qui \u00e9tait juste devant moi dans le sas de d\u00e9part et s&rsquo;\u00e9tait inqui\u00e9t\u00e9e de ne pas voir de bidons sur mon v\u00e9lo&nbsp;<\/p>\n\n\n\n<p>Etonant de se retrouver au bout de 900km alors que nous sommes partis \u00e0 30s d&rsquo;intervalle.&nbsp;<\/p>\n\n\n\n<p>Arr\u00eat fontaine, la derni\u00e8re avant longtemps sur laquelle l&rsquo;organisation avait attir\u00e9 notre attention . Dimitri et son copain ne s&rsquo;arr\u00eatent pas.&nbsp;<\/p>\n\n\n\n<figure class=\"wp-block-image\"><a href=\"https:\/\/www.blogger.com\/u\/1\/blog\/post\/edit\/4033100494622481360\/5604692453901566419#\"><img decoding=\"async\" src=\"https:\/\/blogger.googleusercontent.com\/img\/a\/AVvXsEiEwFwU9zTcscmBWrEnCWWjC-SzB12raoLAFT1nwzexiFh-fecBgys8CPZqvVx8S3Opjt2DHZdSx9P5VB4OU5kaSiRV6P54XZ0dfY6lzkiyBHM2ihbUM8B1F3mAGQ8cI0aAsR28cNnSSfBcHJarlQ1f-am0TFJefdMQ5_WugqKkYWxS3T8N9LERYxeoSmpj=w360-h640\" alt=\"\"\/><\/a><\/figure>\n\n\n\n<figure class=\"wp-block-image\"><a href=\"https:\/\/www.blogger.com\/u\/1\/blog\/post\/edit\/4033100494622481360\/5604692453901566419#\"><img decoding=\"async\" src=\"https:\/\/blogger.googleusercontent.com\/img\/a\/AVvXsEjli8UON47btuquE31aoAK4DakN49vbeMS8vJoEL5jT_2-B-u2TNKrMd277eRBO4DcG8STkK9AafhEb6g6F-znKaacTZzGeYbsEqi9yMVZe9NKaigfOFHG_tWUeT9dRo1WoKK7Bk4GzD4AWrwL7zrQT9KkrTWaldu5uUp5WPCqJhXyiWg-lEm5bGilTtp55=w640-h480\" alt=\"\"\/><\/a><\/figure>\n\n\n\n<figure class=\"wp-block-image\"><a href=\"https:\/\/www.blogger.com\/u\/1\/blog\/post\/edit\/4033100494622481360\/5604692453901566419#\"><img decoding=\"async\" src=\"https:\/\/blogger.googleusercontent.com\/img\/a\/AVvXsEgC-yHSMSyzNmIG7kbQ9dn6f4AZmJfLV-emKyP22mNyHHUDSVoCTx9etGbGCKN9tExavAXRrmnn0bKn8Lv87HrUQ8-5a2t06HAO94xRYNDt_2DFr73aqJeNt7-e1IK8yA93JPTuUk44X2VIG4po97HPJjdR6cbEErchO-FRsT6RtsEwS3j3M3bDc6XRU03o=w640-h360\" alt=\"\"\/><\/a><\/figure>\n\n\n\n<p>Vers 11h , je vois une terrasse de resto en contre-bas de la route avec une rampe d&rsquo;acc\u00e8s . J&rsquo;y apercois des concurrents, je fonce dans la rampe . Tiens c&rsquo;\u00e9tait pas une rampe mais un escalier. Sous le regard etonn\u00e9 de mes coll\u00e8gues , je degringole les marches \u00e0 pleine vitesse , validant ainsi la qualit\u00e9 de mon montage roues qui resistent parfaitement. Tout le monde evacue la terrasse pensant que je vais foncer dans le tas mais j&rsquo;arr\u00eate tranquillement le v\u00e9lo que je pose \u00e0 l&rsquo;ombre.&nbsp;<\/p>\n\n\n\n<p>Super accueil , je commande un sandwich crudit\u00e9s et 2 bouteilles d&rsquo;1l de San Pellegrino .&nbsp;<\/p>\n\n\n\n<p>Bien reboost\u00e9 , je quitte l&rsquo;endroit 1h plus tard et je me retrouve avec Julian pour les derni\u00e8res mont\u00e9es. Je reste sur le rythme \u00ab\u00a0Dimitri\u00a0\u00bb , j&rsquo;ai des super jambes en mont\u00e9es aujourd&rsquo;hui alors que j&rsquo;ai du mal sur le plat, parfaitement incompr\u00e9hensible mais bon, c&rsquo;est comme \u00e7a . Je finis donc par distancer Julian dans l&rsquo;avant dernier col.&nbsp;<\/p>\n\n\n\n<p>On \u00ab\u00a0descend\u00a0\u00bb ensuite vers la C\u00f4te d&rsquo;Azur sur une sorte de faux plat avec un fort vent de face o\u00f9 j&rsquo;ai l&rsquo;impression d&rsquo;\u00eatre scotch\u00e9, j&rsquo;ai du mal \u00e0 d\u00e9passer les 20 km\/h ce qui me frustre beaucoup mais rien \u00e0 faire, pas moyen d&rsquo;aller plus vite.&nbsp;<\/p>\n\n\n\n<p>Je v\u00e9rifie o\u00f9 se situe le 4i\u00e8me de ma cat\u00e9gorie. 110 ou 120\u00e8me au classement g\u00e9n\u00e9ral , aucune importance mais mon ego se satisferait bien d&rsquo;un podium de ma cat\u00e9gorie d&rsquo;\u00e2ge o\u00f9 j&rsquo;occupe la 3i\u00e8me place. Bon j&rsquo;ai le temps , il est 50km derri\u00e8re, je m&rsquo;accorde une petite sieste , j&rsquo;ai vraiment de mauvaises sensations dans ce faux plat.&nbsp;<\/p>\n\n\n\n<p>Je repars au bout de 20 min, \u00e7a va un peu mieux mais c&rsquo;est pas la forme quand m\u00eame . Nouvel arr\u00eat dans un bar pour un Perrier rapide , o\u00f9 je retrouve des concurrents que je vois depuis le d\u00e9part , on est au m\u00eame rythme.&nbsp;<\/p>\n\n\n\n<p>Reste plus que le dernier col avant Mandelieu , le Tanneron .&nbsp;<\/p>\n\n\n\n<p>Je reconnais les paysages de mon enfance , Cannes est un haut lieu de l&rsquo;histoire de ma famille et j&rsquo;y ai \u00e9t\u00e9 en vacances pendant de nombreuses ann\u00e9es enfant et adolescent. Je n&rsquo;y suis retourn\u00e9 qu&rsquo;une fois depuis. Reconna\u00eetre tous ces paysages g\u00e9n\u00e9re beaucoup d&rsquo;\u00e9motions, de souvenirs . J&rsquo;ai toujours les mauvaises nouvelles personnelles qui tournent dans ma t\u00eate c&rsquo;est une explosion d&rsquo;\u00e9motions. Au passage il fait une temp\u00e9rature dingue mais heureusement \u00e7a descend presque tout le temps jusqu&rsquo;au Tanneron.&nbsp;<\/p>\n\n\n\n<p>J&rsquo;ai un gros coup de chaud avant le Tanneron. J&rsquo;avance au ralenti cherchant ombre et fra\u00eecheur. Je vois un camion buvette et j&rsquo;ach\u00eate une bouteille d&rsquo;eau fraiche pour m&rsquo;asperger ainsi que mon \u00e9ni\u00e8me Perrier de la journ\u00e9e. L&rsquo;eau fraiche me fait un bien incroyable. A ma grande surprise je passe en 5 min du mode au bout de ma vie \u00e0 la pleine forme. Au d\u00e9but du Tanneron, je pousse en danseuse sur un gros d\u00e9veloppement, le v\u00e9lo acc\u00e9l\u00e8re mais j&rsquo;arrive ensuite \u00e0 maintenir la vitesse et le d\u00e9veloppement au moment de me rasseoir. Ce doit \u00eatre la joie d&rsquo;arriver qui me booste. Je monte donc le col a une bonne allure, le GPS m&rsquo;indique 230W .&nbsp;<\/p>\n\n\n\n<p>Et enfin , le sommet ! Yes , \u00e7a descend jusqu&rsquo;\u00e0 Mandelieu !!!! Biiiiiipp me dit le GPS au bout de 100m de descente : erreur de parcours . En fait le Tanneron est en deux morceaux , il reste 3km de mont\u00e9e et ce sont les plus raides sur le premier 1,5km . Zut . Bon , allez on remet les watts une derni\u00e8re fois et cette fois c&rsquo;est bon ! Ca descend jusqu&rsquo;\u00e0 l&rsquo;arriv\u00e9e qu&rsquo;il est temps de rejoindre car le ciel est orageux.&nbsp;<\/p>\n\n\n\n<p>La conjonction fatigue &#8211; moral &#8211; chaleur &#8211; arriv\u00e9e est explosive . Je m&rsquo;entends hurler au passage du panneau Mandelieu et les nerfs l\u00e2chent , je pleure toutes les larmes de mon corps , un moment tr\u00e8s fort dont je me souviendrai pour toujours.&nbsp;<\/p>\n\n\n\n<figure class=\"wp-block-image\"><img decoding=\"async\" src=\"https:\/\/img1.blogblog.com\/img\/video_object.png\" alt=\"\"\/><\/figure>\n\n\n\n<p>Quelques minutes plus tard , je suis \u00e0 l&rsquo;arriv\u00e9e . Photo finish , Tee-shirt et troph\u00e9e finisher . 122\u00e8me au classement g\u00e9n\u00e9ral , 3i\u00e8me U64 en 3 jours et 19 heures .&nbsp; Je retrouve une nouvelle fois Julian et on convient de d\u00eener ensemble avec Ludo qui devrait arriver dans les 2h qui suivent.&nbsp;<\/p>\n\n\n\n<figure class=\"wp-block-image\"><a href=\"https:\/\/www.blogger.com\/u\/1\/blog\/post\/edit\/4033100494622481360\/5604692453901566419#\"><img decoding=\"async\" src=\"https:\/\/blogger.googleusercontent.com\/img\/a\/AVvXsEgN4LA5BxU8lQow1c30SiE3zumWubwg10fqaBh6PmOwq4fT4WzLBCBJlti-XCisd3rIE-rjigfjYLgWfKei4nlNZ-mpQ09AvjqVf2JHsl5qz8zTGKFUQtgZ4fgWAdVCpZgMPSG0vXy0TN1o6DDukiTeIb6gUepMwU7K_oGprBBi9A9WuqcO3Kma6qEwud8-=w360-h640\" alt=\"\"\/><\/a><\/figure>\n\n\n\n<figure class=\"wp-block-image\"><a href=\"https:\/\/www.blogger.com\/u\/1\/blog\/post\/edit\/4033100494622481360\/5604692453901566419#\"><img decoding=\"async\" src=\"https:\/\/blogger.googleusercontent.com\/img\/a\/AVvXsEghC_HIiiBnkFf_xuEfU_6rsMH_gyDScGY-WN3oswTsBxh8pthEkcZcwiuiOrmlL4BKA3v5garQ6-Gib8_0LfVl5I6FvIyHHo1uesp1BOEaENMkvsBgJ3tYwleJsh8Ay3aWHP_4ZmVyV-P1sMfW-C1v6teaWa15S90sMT58aIjFD0FaGQVPCMxbdp8_tcE2=w360-h640\" alt=\"\"\/><\/a><\/figure>\n\n\n\n<p>J&rsquo;ai juste le temps d&rsquo;aller \u00e0 l&rsquo;appartement lou\u00e9 pour prendre une douche et me changer et retrouver Ludo qui arrive.&nbsp;<\/p>\n\n\n\n<p>S&rsquo;en suit un excellent d\u00eener avec Julian , Ludo et un autre concurrent tr\u00e8s sympa . Super resto o\u00f9 je mange un tr\u00e8s bon hamburger \/ salade \/ frites de patates douces, avec evidemment une bonne pinte de bi\u00e8re bien m\u00e9rit\u00e9e .&nbsp;<\/p>\n\n\n\n<figure class=\"wp-block-image\"><a href=\"https:\/\/www.blogger.com\/u\/1\/blog\/post\/edit\/4033100494622481360\/5604692453901566419#\"><img decoding=\"async\" src=\"https:\/\/blogger.googleusercontent.com\/img\/a\/AVvXsEjjEp5bjOpkNbKxDIPTOGcYO0jnDocaEzqQLDWTjZe2Xym6gqbYjvA_vVKLstONZAjKfAaCEvLEMfS7rioxhWNd_JJwRtXnglKiPyVcnw1isRjv-0jmha-t4DtR6W8w50I2W6UK60S9JJ0Z8pLOR0slqH1PJ7F8qKlXPtbKQEJiimRAWGoImeHlJyHnUmbB=w480-h640\" alt=\"\"\/><\/a><\/figure>\n\n\n\n<figure class=\"wp-block-image\"><a href=\"https:\/\/www.blogger.com\/u\/1\/blog\/post\/edit\/4033100494622481360\/5604692453901566419#\"><img decoding=\"async\" src=\"https:\/\/blogger.googleusercontent.com\/img\/a\/AVvXsEgpePeNTNq1RLEXJ88-4FvvHh5xHQviLY_wgjLyMhBfLxpj2u1JRDd06DMtsiQsoufN7pALluUG3W6vcmu2vYmpSCa1hG5oLUgU1ZivyP6E-Y1l4pCPyGI4oNw-Lq4gbgL_0CnqxFbH5hCBa3csuYxCHAv53N9MhzuPq0Ti4lZJ0sfQKYf4EAonYn_sScm8=w640-h360\" alt=\"\"\/><\/a><\/figure>\n\n\n\n<figure class=\"wp-block-image\"><a href=\"https:\/\/www.blogger.com\/u\/1\/blog\/post\/edit\/4033100494622481360\/5604692453901566419#\"><img decoding=\"async\" src=\"https:\/\/blogger.googleusercontent.com\/img\/a\/AVvXsEhH_vlqWn6I6MfKDae9YNgztdU4r4pWXOHY7yFvZBu1Mz22_wSo6ALeOPOsa1o0UEa2cxVeMBdHaxInYdcbG6jmdaLjCuGRo4ImYVy7eocemxLsHk_B2HQsNCZwi28ItWrfUJHbNSeRNVmMrRhBrNYKih4N_cwLVYUKDiGyLqiVPghDQ4Nx5qFtX1pgCUIN=w480-h640\" alt=\"\"\/><\/a><\/figure>\n\n\n\n<p>Nicolas arrive en fin de soir\u00e9e .&nbsp;<\/p>\n\n\n\n<p>Trois amis , trois finishers \ud83d\ude00<\/p>\n\n\n\n<p>Nicolas \u00e9tant attendu par sa soeur, nous en profitons pour aller boire une nouvelle bi\u00e8re \u00e0 une terrasse tous les quatre, on s&rsquo;\u00e9tait promis de le faire \u00e0 l&rsquo;arriv\u00e9e.&nbsp;<\/p>\n\n\n\n<p>Reste \u00e0 rentrer en TGV via Cannes . Je m&rsquo;arr\u00eate pour prendre une photo de Midi Plage, notre plage pr\u00e9f\u00e9r\u00e9e il y a maintenant 50 ans de cel\u00e0. Ca n&rsquo;a pas beaucoup chang\u00e9, je vois des fant\u00f4mes souriants m&rsquo;accueillir.&nbsp;<\/p>\n\n\n\n<figure class=\"wp-block-image\"><a href=\"https:\/\/www.blogger.com\/u\/1\/blog\/post\/edit\/4033100494622481360\/5604692453901566419#\"><img decoding=\"async\" src=\"https:\/\/blogger.googleusercontent.com\/img\/a\/AVvXsEg80W6-tlUHe0Bqu0520VRG-oIIzZ9eYL5SllsEy_jjOljFA5QWV781bZK-oqGXmzoaA4zaMMd-Qfd-7iaiowz08fkmzejXX1zzKZ1t18fBRF8zk8TsBaqe3uBhIKmvBWKipTlyWSXuy-thcm3knYsID4s2XZAXPk16KzJD8dpOv6OJgSMxOKaduCEaDXfU=w640-h360\" alt=\"\"\/><\/a><\/figure>\n\n\n\n<figure class=\"wp-block-image\"><a href=\"https:\/\/www.blogger.com\/u\/1\/blog\/post\/edit\/4033100494622481360\/5604692453901566419#\"><img decoding=\"async\" src=\"https:\/\/blogger.googleusercontent.com\/img\/a\/AVvXsEh-Sy0Lvuy-A1_vLFwFwIK9NbYBntBhA8CFgSfMgFjaVorPZ_D0hE-XldIdqT9HO5s5GaSW8Olt5mrEHoIbmVX_j8Rv9FK7R_45g7AAKT07vj3ePlghLfNQe_NIf6UnDdqgWWM5s15kh1vE8qZsTE7R1K9kNDXL4ha_3RCrq-_7hcUz4ow8BTwN7dlB3Pjj=w360-h640\" alt=\"\"\/><\/a><\/figure>\n\n\n\n<p>Epilogue : le retour \u00e0 la maison est rapide , 5H en TGV direct . A l&rsquo;arriv\u00e9e, il faudra affronter les soucis persos mais l&rsquo;histoire est belle et tout se terminera finalement bien. Tout cela fera de cette RAF un moment particulier que je n&rsquo;oubierai jamais. Plein de souvenirs tr\u00e8s forts , une charge emotionnelle incroyable et au final une exp\u00e9rience unique, une aventure de vie inoubliable.&nbsp;<\/p>\n\n\n\n<p>Bilan de cette RAF&nbsp;<\/p>\n\n\n\n<p>-Le v\u00e9lo et l&rsquo;\u00e9quipement \u00e9taient parfaits : rien de superflu , j&rsquo;ai tout utilis\u00e9 , m\u00eame les solutions de secours comme les colliers rilsan ou la 2\u00e8me petite powerbank en backup.&nbsp;<\/p>\n\n\n\n<p>-Bien content d&rsquo;avoir pris mon Origine Graax, le d\u00e9veloppement mini en 31&#215;36 a \u00e9t\u00e9 bien utile \u00e0 plusieurs reprises avec en particulier le fatigue li\u00e9e \u00e0 la chaleur qu&rsquo;il \u00e9tait difficile d&rsquo;anticiper \u00e0 l&rsquo;avance vu la m\u00e9t\u00e9o des derniers mois.&nbsp;<\/p>\n\n\n\n<p>-La prochaine fois , je mets les rehausses 5cm au lieu de 2.5 cm sur mes prolongateurs : avec la fatigue, je n&rsquo;arrivais plus \u00e0 tenir la position basse sur la fin du parcours.&nbsp;<\/p>\n\n\n\n<p>-Le plan de marche \u00e9tait optimiste, mon logiciel de planification perso est bien calibr\u00e9 pour un 500km , mais l&rsquo;histoire est diff\u00e9rente sur un 1000. Les temps de repose pr\u00e9vus \u00e9taient sous-estim\u00e9s , en particulier avec la m\u00e9t\u00e9o qui a ajout\u00e9 de la fatigue. Mais on a quand m\u00eame boucl\u00e9 comme pr\u00e9vu le parcours en moins de 4 jours.&nbsp;<\/p>\n\n\n\n<p>-1000km , \u00e7a n&rsquo;a vraiment rien \u00e0 voir avec 500 . La gestion du sommeil en particulier change compl\u00e9tement la donne , du moins \u00e0 notre niveau . Pour les premiers qui bouclent le parcours en 2 jours , la diff\u00e9rence est sans doute moindre.&nbsp;<\/p>\n\n\n\n<p>-Pas ou peu de douleurs \u00e0 l&rsquo;arriv\u00e9e , mais elles ont commenc\u00e9 \u00e0 apparaitre le sur-lendemain. A ce stade , ca ne me donne pas envie d&rsquo;essayer de plus longs parcours , il est plus tout jeune le monsieur comme nous l&rsquo;avait dit un passant crois\u00e9 avec Ludo sur une sortie bikepacking, il faut rester raisonnable.&nbsp;<\/p>\n\n\n\n<p>-Le parcours \u00e9tait magnifique, merci Pascal Bride . Je m&rsquo;attendais par contre \u00e0 mieux cot\u00e9 organisation en particulier les repas sur les bases de vie. Mais rien de redhibitoire, de toute fa\u00e7on ce sont des \u00e9preuves en autonomie.&nbsp;<\/p>\n\n\n\n<p>Au final, cela va rester une aventure incroyable, qui m&rsquo;a fait aussi beaucoup de bien apr\u00e8s les \u00e9venements professionnels de la fin de l&rsquo;ann\u00e9e derni\u00e8re. Comme si cela m&rsquo;avait permis de touner une page pour aborder une nouveau ch\u00e2pitre de l&rsquo;aure cot\u00e9 du sommet de la Bonnette. Je ne suis pas pr\u00e8s d&rsquo;oublier cette mont\u00e9e ni la descente !&nbsp;<\/p>\n\n\n\n<p>Merci \u00e0 Ludo , Nicolas, Julian , Mareille, Alexia , Dimitri , tous les concurrents tous plus sympas les uns que les autres crois\u00e9s sur cette \u00e9preuve o\u00f9 la bienveillance et l&rsquo;entraide sont de rigueur.&nbsp;<\/p>\n\n\n\n<p>Et Dieu que nous avons de la chance de vivre dans un si beau pays !&nbsp;<\/p>\n","protected":false},"excerpt":{"rendered":"<p>Jusqu&rsquo;\u00e0 2014 , j&rsquo;ai \u00e9t\u00e9 un pur v\u00e9t\u00e9tiste, repoussant toute id\u00e9e de rouler sur la route , le cot\u00e9 obscur de la Force Cycliste. Mais l&rsquo;influence irr\u00e9m\u00e9diable de l&rsquo;ami Franck &hellip; <\/p>\n<p class=\"link-more\"><a href=\"https:\/\/bikexplore.brocld.fr\/?p=1\" class=\"more-link\">Continuer la lecture<span class=\"screen-reader-text\"> de &laquo;&nbsp;2025-06-16 Race Across France 2025 1000km , 16 Juin 2025&nbsp;&raquo;<\/span><\/a><\/p>\n","protected":false},"author":1,"featured_media":0,"comment_status":"open","ping_status":"closed","sticky":false,"template":"","format":"standard","meta":{"footnotes":""},"categories":[10],"tags":[],"class_list":["post-1","post","type-post","status-publish","format-standard","hentry","category-course-ultra"],"yoast_head":"<!-- This site is optimized with the Yoast SEO plugin v26.5 - https:\/\/yoast.com\/wordpress\/plugins\/seo\/ -->\n<title>2025-06-16 Race Across France 2025 1000km , 16 Juin 2025 - BikeXplore<\/title>\n<meta name=\"robots\" content=\"index, follow, max-snippet:-1, max-image-preview:large, max-video-preview:-1\" \/>\n<link rel=\"canonical\" href=\"https:\/\/bikexplore.brocld.fr\/?p=1\" \/>\n<meta property=\"og:locale\" content=\"fr_FR\" \/>\n<meta property=\"og:type\" content=\"article\" \/>\n<meta property=\"og:title\" content=\"2025-06-16 Race Across France 2025 1000km , 16 Juin 2025 - BikeXplore\" \/>\n<meta property=\"og:description\" content=\"Jusqu&rsquo;\u00e0 2014 , j&rsquo;ai \u00e9t\u00e9 un pur v\u00e9t\u00e9tiste, repoussant toute id\u00e9e de rouler sur la route , le cot\u00e9 obscur de la Force Cycliste. Mais l&rsquo;influence irr\u00e9m\u00e9diable de l&rsquo;ami Franck &hellip; Continuer la lecture de &laquo;&nbsp;2025-06-16 Race Across France 2025 1000km , 16 Juin 2025&nbsp;&raquo;\" \/>\n<meta property=\"og:url\" content=\"https:\/\/bikexplore.brocld.fr\/?p=1\" \/>\n<meta property=\"og:site_name\" content=\"BikeXplore\" \/>\n<meta property=\"article:published_time\" content=\"2025-11-26T07:53:47+00:00\" \/>\n<meta property=\"article:modified_time\" content=\"2025-11-30T17:46:48+00:00\" \/>\n<meta property=\"og:image\" content=\"https:\/\/blogger.googleusercontent.com\/img\/a\/AVvXsEheJ_oVmQ_pZfmq1YA0fPiey6Dz_zB_xI1nipM0R4RzN55mTygPpRdfgXOUeboj9g2zmFWbuIVBKJjM8Wm083bUHsmRtp85Qo6WNr5dz8D1ZJcCi5uaOM5tufRQpkaRyPuWtkvyERLVwbrCjyuRk6Q7x4mOZnwntCHeQLRsosqCn_-tEbOQM2fuivnY_xzI=w640-h429\" \/>\n<meta name=\"author\" content=\"admin\" \/>\n<meta name=\"twitter:card\" content=\"summary_large_image\" \/>\n<meta name=\"twitter:label1\" content=\"\u00c9crit par\" \/>\n\t<meta name=\"twitter:data1\" content=\"admin\" \/>\n\t<meta name=\"twitter:label2\" content=\"Dur\u00e9e de lecture estim\u00e9e\" \/>\n\t<meta name=\"twitter:data2\" content=\"58 minutes\" \/>\n<script type=\"application\/ld+json\" class=\"yoast-schema-graph\">{\"@context\":\"https:\/\/schema.org\",\"@graph\":[{\"@type\":\"Article\",\"@id\":\"https:\/\/bikexplore.brocld.fr\/?p=1#article\",\"isPartOf\":{\"@id\":\"https:\/\/bikexplore.brocld.fr\/?p=1\"},\"author\":{\"name\":\"admin\",\"@id\":\"https:\/\/bikexplore.brocld.fr\/#\/schema\/person\/53671223e701548643b903c211b1b0f8\"},\"headline\":\"2025-06-16 Race Across France 2025 1000km , 16 Juin 2025\",\"datePublished\":\"2025-11-26T07:53:47+00:00\",\"dateModified\":\"2025-11-30T17:46:48+00:00\",\"mainEntityOfPage\":{\"@id\":\"https:\/\/bikexplore.brocld.fr\/?p=1\"},\"wordCount\":9872,\"commentCount\":1,\"publisher\":{\"@id\":\"https:\/\/bikexplore.brocld.fr\/#organization\"},\"image\":{\"@id\":\"https:\/\/bikexplore.brocld.fr\/?p=1#primaryimage\"},\"thumbnailUrl\":\"https:\/\/blogger.googleusercontent.com\/img\/a\/AVvXsEheJ_oVmQ_pZfmq1YA0fPiey6Dz_zB_xI1nipM0R4RzN55mTygPpRdfgXOUeboj9g2zmFWbuIVBKJjM8Wm083bUHsmRtp85Qo6WNr5dz8D1ZJcCi5uaOM5tufRQpkaRyPuWtkvyERLVwbrCjyuRk6Q7x4mOZnwntCHeQLRsosqCn_-tEbOQM2fuivnY_xzI=w640-h429\",\"articleSection\":[\"Course ultra\"],\"inLanguage\":\"fr-FR\",\"potentialAction\":[{\"@type\":\"CommentAction\",\"name\":\"Comment\",\"target\":[\"https:\/\/bikexplore.brocld.fr\/?p=1#respond\"]}]},{\"@type\":\"WebPage\",\"@id\":\"https:\/\/bikexplore.brocld.fr\/?p=1\",\"url\":\"https:\/\/bikexplore.brocld.fr\/?p=1\",\"name\":\"2025-06-16 Race Across France 2025 1000km , 16 Juin 2025 - BikeXplore\",\"isPartOf\":{\"@id\":\"https:\/\/bikexplore.brocld.fr\/#website\"},\"primaryImageOfPage\":{\"@id\":\"https:\/\/bikexplore.brocld.fr\/?p=1#primaryimage\"},\"image\":{\"@id\":\"https:\/\/bikexplore.brocld.fr\/?p=1#primaryimage\"},\"thumbnailUrl\":\"https:\/\/blogger.googleusercontent.com\/img\/a\/AVvXsEheJ_oVmQ_pZfmq1YA0fPiey6Dz_zB_xI1nipM0R4RzN55mTygPpRdfgXOUeboj9g2zmFWbuIVBKJjM8Wm083bUHsmRtp85Qo6WNr5dz8D1ZJcCi5uaOM5tufRQpkaRyPuWtkvyERLVwbrCjyuRk6Q7x4mOZnwntCHeQLRsosqCn_-tEbOQM2fuivnY_xzI=w640-h429\",\"datePublished\":\"2025-11-26T07:53:47+00:00\",\"dateModified\":\"2025-11-30T17:46:48+00:00\",\"breadcrumb\":{\"@id\":\"https:\/\/bikexplore.brocld.fr\/?p=1#breadcrumb\"},\"inLanguage\":\"fr-FR\",\"potentialAction\":[{\"@type\":\"ReadAction\",\"target\":[\"https:\/\/bikexplore.brocld.fr\/?p=1\"]}]},{\"@type\":\"ImageObject\",\"inLanguage\":\"fr-FR\",\"@id\":\"https:\/\/bikexplore.brocld.fr\/?p=1#primaryimage\",\"url\":\"https:\/\/blogger.googleusercontent.com\/img\/a\/AVvXsEheJ_oVmQ_pZfmq1YA0fPiey6Dz_zB_xI1nipM0R4RzN55mTygPpRdfgXOUeboj9g2zmFWbuIVBKJjM8Wm083bUHsmRtp85Qo6WNr5dz8D1ZJcCi5uaOM5tufRQpkaRyPuWtkvyERLVwbrCjyuRk6Q7x4mOZnwntCHeQLRsosqCn_-tEbOQM2fuivnY_xzI=w640-h429\",\"contentUrl\":\"https:\/\/blogger.googleusercontent.com\/img\/a\/AVvXsEheJ_oVmQ_pZfmq1YA0fPiey6Dz_zB_xI1nipM0R4RzN55mTygPpRdfgXOUeboj9g2zmFWbuIVBKJjM8Wm083bUHsmRtp85Qo6WNr5dz8D1ZJcCi5uaOM5tufRQpkaRyPuWtkvyERLVwbrCjyuRk6Q7x4mOZnwntCHeQLRsosqCn_-tEbOQM2fuivnY_xzI=w640-h429\"},{\"@type\":\"BreadcrumbList\",\"@id\":\"https:\/\/bikexplore.brocld.fr\/?p=1#breadcrumb\",\"itemListElement\":[{\"@type\":\"ListItem\",\"position\":1,\"name\":\"Accueil\",\"item\":\"https:\/\/bikexplore.brocld.fr\/\"},{\"@type\":\"ListItem\",\"position\":2,\"name\":\"2025-06-16 Race Across France 2025 1000km , 16 Juin 2025\"}]},{\"@type\":\"WebSite\",\"@id\":\"https:\/\/bikexplore.brocld.fr\/#website\",\"url\":\"https:\/\/bikexplore.brocld.fr\/\",\"name\":\"BikeXplore\",\"description\":\"Pour partager des aventures \u00e0 v\u00e9lo !\",\"publisher\":{\"@id\":\"https:\/\/bikexplore.brocld.fr\/#organization\"},\"potentialAction\":[{\"@type\":\"SearchAction\",\"target\":{\"@type\":\"EntryPoint\",\"urlTemplate\":\"https:\/\/bikexplore.brocld.fr\/?s={search_term_string}\"},\"query-input\":{\"@type\":\"PropertyValueSpecification\",\"valueRequired\":true,\"valueName\":\"search_term_string\"}}],\"inLanguage\":\"fr-FR\"},{\"@type\":\"Organization\",\"@id\":\"https:\/\/bikexplore.brocld.fr\/#organization\",\"name\":\"BikeXplore\",\"url\":\"https:\/\/bikexplore.brocld.fr\/\",\"logo\":{\"@type\":\"ImageObject\",\"inLanguage\":\"fr-FR\",\"@id\":\"https:\/\/bikexplore.brocld.fr\/#\/schema\/logo\/image\/\",\"url\":\"https:\/\/bikexplore.brocld.fr\/wp-content\/uploads\/2025\/11\/cropped-bikexplore_logo2.webp\",\"contentUrl\":\"https:\/\/bikexplore.brocld.fr\/wp-content\/uploads\/2025\/11\/cropped-bikexplore_logo2.webp\",\"width\":479,\"height\":214,\"caption\":\"BikeXplore\"},\"image\":{\"@id\":\"https:\/\/bikexplore.brocld.fr\/#\/schema\/logo\/image\/\"}},{\"@type\":\"Person\",\"@id\":\"https:\/\/bikexplore.brocld.fr\/#\/schema\/person\/53671223e701548643b903c211b1b0f8\",\"name\":\"admin\",\"image\":{\"@type\":\"ImageObject\",\"inLanguage\":\"fr-FR\",\"@id\":\"https:\/\/bikexplore.brocld.fr\/#\/schema\/person\/image\/\",\"url\":\"https:\/\/secure.gravatar.com\/avatar\/88a73b3f8990278736f8051a3aebe8fac277bca0a47de716922f33a4f00168f4?s=96&d=mm&r=g\",\"contentUrl\":\"https:\/\/secure.gravatar.com\/avatar\/88a73b3f8990278736f8051a3aebe8fac277bca0a47de716922f33a4f00168f4?s=96&d=mm&r=g\",\"caption\":\"admin\"},\"sameAs\":[\"https:\/\/testbike.brocld.fr\"],\"url\":\"https:\/\/bikexplore.brocld.fr\/?author=1\"}]}<\/script>\n<!-- \/ Yoast SEO plugin. -->","yoast_head_json":{"title":"2025-06-16 Race Across France 2025 1000km , 16 Juin 2025 - BikeXplore","robots":{"index":"index","follow":"follow","max-snippet":"max-snippet:-1","max-image-preview":"max-image-preview:large","max-video-preview":"max-video-preview:-1"},"canonical":"https:\/\/bikexplore.brocld.fr\/?p=1","og_locale":"fr_FR","og_type":"article","og_title":"2025-06-16 Race Across France 2025 1000km , 16 Juin 2025 - BikeXplore","og_description":"Jusqu&rsquo;\u00e0 2014 , j&rsquo;ai \u00e9t\u00e9 un pur v\u00e9t\u00e9tiste, repoussant toute id\u00e9e de rouler sur la route , le cot\u00e9 obscur de la Force Cycliste. Mais l&rsquo;influence irr\u00e9m\u00e9diable de l&rsquo;ami Franck &hellip; Continuer la lecture de &laquo;&nbsp;2025-06-16 Race Across France 2025 1000km , 16 Juin 2025&nbsp;&raquo;","og_url":"https:\/\/bikexplore.brocld.fr\/?p=1","og_site_name":"BikeXplore","article_published_time":"2025-11-26T07:53:47+00:00","article_modified_time":"2025-11-30T17:46:48+00:00","og_image":[{"url":"https:\/\/blogger.googleusercontent.com\/img\/a\/AVvXsEheJ_oVmQ_pZfmq1YA0fPiey6Dz_zB_xI1nipM0R4RzN55mTygPpRdfgXOUeboj9g2zmFWbuIVBKJjM8Wm083bUHsmRtp85Qo6WNr5dz8D1ZJcCi5uaOM5tufRQpkaRyPuWtkvyERLVwbrCjyuRk6Q7x4mOZnwntCHeQLRsosqCn_-tEbOQM2fuivnY_xzI=w640-h429","type":"","width":"","height":""}],"author":"admin","twitter_card":"summary_large_image","twitter_misc":{"\u00c9crit par":"admin","Dur\u00e9e de lecture estim\u00e9e":"58 minutes"},"schema":{"@context":"https:\/\/schema.org","@graph":[{"@type":"Article","@id":"https:\/\/bikexplore.brocld.fr\/?p=1#article","isPartOf":{"@id":"https:\/\/bikexplore.brocld.fr\/?p=1"},"author":{"name":"admin","@id":"https:\/\/bikexplore.brocld.fr\/#\/schema\/person\/53671223e701548643b903c211b1b0f8"},"headline":"2025-06-16 Race Across France 2025 1000km , 16 Juin 2025","datePublished":"2025-11-26T07:53:47+00:00","dateModified":"2025-11-30T17:46:48+00:00","mainEntityOfPage":{"@id":"https:\/\/bikexplore.brocld.fr\/?p=1"},"wordCount":9872,"commentCount":1,"publisher":{"@id":"https:\/\/bikexplore.brocld.fr\/#organization"},"image":{"@id":"https:\/\/bikexplore.brocld.fr\/?p=1#primaryimage"},"thumbnailUrl":"https:\/\/blogger.googleusercontent.com\/img\/a\/AVvXsEheJ_oVmQ_pZfmq1YA0fPiey6Dz_zB_xI1nipM0R4RzN55mTygPpRdfgXOUeboj9g2zmFWbuIVBKJjM8Wm083bUHsmRtp85Qo6WNr5dz8D1ZJcCi5uaOM5tufRQpkaRyPuWtkvyERLVwbrCjyuRk6Q7x4mOZnwntCHeQLRsosqCn_-tEbOQM2fuivnY_xzI=w640-h429","articleSection":["Course ultra"],"inLanguage":"fr-FR","potentialAction":[{"@type":"CommentAction","name":"Comment","target":["https:\/\/bikexplore.brocld.fr\/?p=1#respond"]}]},{"@type":"WebPage","@id":"https:\/\/bikexplore.brocld.fr\/?p=1","url":"https:\/\/bikexplore.brocld.fr\/?p=1","name":"2025-06-16 Race Across France 2025 1000km , 16 Juin 2025 - BikeXplore","isPartOf":{"@id":"https:\/\/bikexplore.brocld.fr\/#website"},"primaryImageOfPage":{"@id":"https:\/\/bikexplore.brocld.fr\/?p=1#primaryimage"},"image":{"@id":"https:\/\/bikexplore.brocld.fr\/?p=1#primaryimage"},"thumbnailUrl":"https:\/\/blogger.googleusercontent.com\/img\/a\/AVvXsEheJ_oVmQ_pZfmq1YA0fPiey6Dz_zB_xI1nipM0R4RzN55mTygPpRdfgXOUeboj9g2zmFWbuIVBKJjM8Wm083bUHsmRtp85Qo6WNr5dz8D1ZJcCi5uaOM5tufRQpkaRyPuWtkvyERLVwbrCjyuRk6Q7x4mOZnwntCHeQLRsosqCn_-tEbOQM2fuivnY_xzI=w640-h429","datePublished":"2025-11-26T07:53:47+00:00","dateModified":"2025-11-30T17:46:48+00:00","breadcrumb":{"@id":"https:\/\/bikexplore.brocld.fr\/?p=1#breadcrumb"},"inLanguage":"fr-FR","potentialAction":[{"@type":"ReadAction","target":["https:\/\/bikexplore.brocld.fr\/?p=1"]}]},{"@type":"ImageObject","inLanguage":"fr-FR","@id":"https:\/\/bikexplore.brocld.fr\/?p=1#primaryimage","url":"https:\/\/blogger.googleusercontent.com\/img\/a\/AVvXsEheJ_oVmQ_pZfmq1YA0fPiey6Dz_zB_xI1nipM0R4RzN55mTygPpRdfgXOUeboj9g2zmFWbuIVBKJjM8Wm083bUHsmRtp85Qo6WNr5dz8D1ZJcCi5uaOM5tufRQpkaRyPuWtkvyERLVwbrCjyuRk6Q7x4mOZnwntCHeQLRsosqCn_-tEbOQM2fuivnY_xzI=w640-h429","contentUrl":"https:\/\/blogger.googleusercontent.com\/img\/a\/AVvXsEheJ_oVmQ_pZfmq1YA0fPiey6Dz_zB_xI1nipM0R4RzN55mTygPpRdfgXOUeboj9g2zmFWbuIVBKJjM8Wm083bUHsmRtp85Qo6WNr5dz8D1ZJcCi5uaOM5tufRQpkaRyPuWtkvyERLVwbrCjyuRk6Q7x4mOZnwntCHeQLRsosqCn_-tEbOQM2fuivnY_xzI=w640-h429"},{"@type":"BreadcrumbList","@id":"https:\/\/bikexplore.brocld.fr\/?p=1#breadcrumb","itemListElement":[{"@type":"ListItem","position":1,"name":"Accueil","item":"https:\/\/bikexplore.brocld.fr\/"},{"@type":"ListItem","position":2,"name":"2025-06-16 Race Across France 2025 1000km , 16 Juin 2025"}]},{"@type":"WebSite","@id":"https:\/\/bikexplore.brocld.fr\/#website","url":"https:\/\/bikexplore.brocld.fr\/","name":"BikeXplore","description":"Pour partager des aventures \u00e0 v\u00e9lo !","publisher":{"@id":"https:\/\/bikexplore.brocld.fr\/#organization"},"potentialAction":[{"@type":"SearchAction","target":{"@type":"EntryPoint","urlTemplate":"https:\/\/bikexplore.brocld.fr\/?s={search_term_string}"},"query-input":{"@type":"PropertyValueSpecification","valueRequired":true,"valueName":"search_term_string"}}],"inLanguage":"fr-FR"},{"@type":"Organization","@id":"https:\/\/bikexplore.brocld.fr\/#organization","name":"BikeXplore","url":"https:\/\/bikexplore.brocld.fr\/","logo":{"@type":"ImageObject","inLanguage":"fr-FR","@id":"https:\/\/bikexplore.brocld.fr\/#\/schema\/logo\/image\/","url":"https:\/\/bikexplore.brocld.fr\/wp-content\/uploads\/2025\/11\/cropped-bikexplore_logo2.webp","contentUrl":"https:\/\/bikexplore.brocld.fr\/wp-content\/uploads\/2025\/11\/cropped-bikexplore_logo2.webp","width":479,"height":214,"caption":"BikeXplore"},"image":{"@id":"https:\/\/bikexplore.brocld.fr\/#\/schema\/logo\/image\/"}},{"@type":"Person","@id":"https:\/\/bikexplore.brocld.fr\/#\/schema\/person\/53671223e701548643b903c211b1b0f8","name":"admin","image":{"@type":"ImageObject","inLanguage":"fr-FR","@id":"https:\/\/bikexplore.brocld.fr\/#\/schema\/person\/image\/","url":"https:\/\/secure.gravatar.com\/avatar\/88a73b3f8990278736f8051a3aebe8fac277bca0a47de716922f33a4f00168f4?s=96&d=mm&r=g","contentUrl":"https:\/\/secure.gravatar.com\/avatar\/88a73b3f8990278736f8051a3aebe8fac277bca0a47de716922f33a4f00168f4?s=96&d=mm&r=g","caption":"admin"},"sameAs":["https:\/\/testbike.brocld.fr"],"url":"https:\/\/bikexplore.brocld.fr\/?author=1"}]}},"jetpack_featured_media_url":"","_links":{"self":[{"href":"https:\/\/bikexplore.brocld.fr\/index.php?rest_route=\/wp\/v2\/posts\/1","targetHints":{"allow":["GET"]}}],"collection":[{"href":"https:\/\/bikexplore.brocld.fr\/index.php?rest_route=\/wp\/v2\/posts"}],"about":[{"href":"https:\/\/bikexplore.brocld.fr\/index.php?rest_route=\/wp\/v2\/types\/post"}],"author":[{"embeddable":true,"href":"https:\/\/bikexplore.brocld.fr\/index.php?rest_route=\/wp\/v2\/users\/1"}],"replies":[{"embeddable":true,"href":"https:\/\/bikexplore.brocld.fr\/index.php?rest_route=%2Fwp%2Fv2%2Fcomments&post=1"}],"version-history":[{"count":4,"href":"https:\/\/bikexplore.brocld.fr\/index.php?rest_route=\/wp\/v2\/posts\/1\/revisions"}],"predecessor-version":[{"id":216,"href":"https:\/\/bikexplore.brocld.fr\/index.php?rest_route=\/wp\/v2\/posts\/1\/revisions\/216"}],"wp:attachment":[{"href":"https:\/\/bikexplore.brocld.fr\/index.php?rest_route=%2Fwp%2Fv2%2Fmedia&parent=1"}],"wp:term":[{"taxonomy":"category","embeddable":true,"href":"https:\/\/bikexplore.brocld.fr\/index.php?rest_route=%2Fwp%2Fv2%2Fcategories&post=1"},{"taxonomy":"post_tag","embeddable":true,"href":"https:\/\/bikexplore.brocld.fr\/index.php?rest_route=%2Fwp%2Fv2%2Ftags&post=1"}],"curies":[{"name":"wp","href":"https:\/\/api.w.org\/{rel}","templated":true}]}}